{"id":14653,"date":"2019-11-22T11:55:15","date_gmt":"2019-11-22T11:55:15","guid":{"rendered":"http:\/\/blogdorogeriogomes.com.br\/?p=14653"},"modified":"2019-11-22T11:55:15","modified_gmt":"2019-11-22T11:55:15","slug":"roberto-claudio-reune-secretarios-municipais-de-fortaleza-para-discutir-calendario-de-obras","status":"publish","type":"post","link":"https:\/\/blogdorogeriogomes.com.br\/noticias\/2019\/11\/roberto-claudio-reune-secretarios-municipais-de-fortaleza-para-discutir-calendario-de-obras\/","title":{"rendered":"Roberto Cl\u00e1udio re\u00fane secret\u00e1rios municipais de Fortaleza para discutir calend\u00e1rio de obras"},"content":{"rendered":"<p><img loading=\"lazy\" decoding=\"async\" class=\"alignnone size-medium wp-image-14654\" src=\"http:\/\/blogdorogeriogomes.com.br\/wp-content\/uploads\/2019\/11\/images-2019-11-22T085047.585-300x176.jpeg\" alt=\"images - 2019-11-22T085047.585\" width=\"300\" height=\"176\" srcset=\"https:\/\/blogdorogeriogomes.com.br\/noticias\/wp-content\/uploads\/2019\/11\/images-2019-11-22T085047.585-300x176.jpeg 300w, https:\/\/blogdorogeriogomes.com.br\/noticias\/wp-content\/uploads\/2019\/11\/images-2019-11-22T085047.585.jpeg 723w\" sizes=\"auto, (max-width: 300px) 100vw, 300px\" \/><\/p>\n<p>O prefeito de Fortaleza, Roberto Cl\u00e1udio, se re\u00fane, nesta sexta-feira, dia 22 de novembro, e s\u00e1bado, dia 23, com todo o secretariado municipal. O encontro acontece no Hotel Gran Mareiro e ter\u00e1 como principais eixos de trabalho a continuidade do Plano de Governo, o acompanhamento do Programa Mais A\u00e7\u00e3o, os legados da gest\u00e3o e a comunica\u00e7\u00e3o assertiva. Esta \u00e9 a quarta reuni\u00e3o realizada neste ano de 2019.<br \/>\nNo pr\u00f3ximo ano haver\u00e1 sucess\u00e3o municipal. O prefeito Roberto Cl\u00e1udio n\u00e3o poder\u00e1 mais concorrer. O gestor municipal quer dar agilidade na conclus\u00e3o de obras importantes da Capital, no \u00faltimo ano da administra\u00e7\u00e3o. At\u00e9 mar\u00e7o de 2020, Roberto Cl\u00e1udio tamb\u00e9m ter\u00e1 a miss\u00e3o de indicar quem ser\u00e1 o seu candidato para concorrer ao Pa\u00e7o Municipal.<\/p>\n","protected":false},"excerpt":{"rendered":"<p>O prefeito de Fortaleza, Roberto Cl\u00e1udio, se re\u00fane, nesta sexta-feira, dia 22 de novembro, e s\u00e1bado, dia 23, com todo o secretariado municipal. O encontro acontece no Hotel Gran Mareiro e ter\u00e1 como principais eixos de trabalho a continuidade do Plano de Governo, o acompanhamento do Programa Mais A\u00e7\u00e3o, os legados da gest\u00e3o e a comunica\u00e7\u00e3o assertiva. Esta \u00e9 a quarta reuni\u00e3o realizada neste ano de 2019. No pr\u00f3ximo ano haver\u00e1 sucess\u00e3o municipal. O prefeito Roberto Cl\u00e1udio n\u00e3o poder\u00e1&hellip;<\/p>\n","protected":false},"author":1,"featured_media":0,"comment_status":"open","ping_status":"open","sticky":false,"template":"","format":"standard","meta":{"footnotes":""},"categories":[1],"tags":[],"class_list":["post-14653","post","type-post","status-publish","format-standard","hentry","category-noticias"],"_links":{"self":[{"href":"https:\/\/blogdorogeriogomes.com.br\/noticias\/wp-json\/wp\/v2\/posts\/14653","targetHints":{"allow":["GET"]}}],"collection":[{"href":"https:\/\/blogdorogeriogomes.com.br\/noticias\/wp-json\/wp\/v2\/posts"}],"about":[{"href":"https:\/\/blogdorogeriogomes.com.br\/noticias\/wp-json\/wp\/v2\/types\/post"}],"author":[{"embeddable":true,"href":"https:\/\/blogdorogeriogomes.com.br\/noticias\/wp-json\/wp\/v2\/users\/1"}],"replies":[{"embeddable":true,"href":"https:\/\/blogdorogeriogomes.com.br\/noticias\/wp-json\/wp\/v2\/comments?post=14653"}],"version-history":[{"count":1,"href":"https:\/\/blogdorogeriogomes.com.br\/noticias\/wp-json\/wp\/v2\/posts\/14653\/revisions"}],"predecessor-version":[{"id":14655,"href":"https:\/\/blogdorogeriogomes.com.br\/noticias\/wp-json\/wp\/v2\/posts\/14653\/revisions\/14655"}],"wp:attachment":[{"href":"https:\/\/blogdorogeriogomes.com.br\/noticias\/wp-json\/wp\/v2\/media?parent=14653"}],"wp:term":[{"taxonomy":"category","embeddable":true,"href":"https:\/\/blogdorogeriogomes.com.br\/noticias\/wp-json\/wp\/v2\/categories?post=14653"},{"taxonomy":"post_tag","embeddable":true,"href":"https:\/\/blogdorogeriogomes.com.br\/noticias\/wp-json\/wp\/v2\/tags?post=14653"}],"curies":[{"name":"wp","href":"https:\/\/api.w.org\/{rel}","templated":true}]}}