{"id":14659,"date":"2019-11-22T15:53:48","date_gmt":"2019-11-22T15:53:48","guid":{"rendered":"http:\/\/blogdorogeriogomes.com.br\/?p=14659"},"modified":"2019-11-22T15:53:48","modified_gmt":"2019-11-22T15:53:48","slug":"mutirao-da-biometria-no-centro-de-eventos-ficara-limitado-a-tres-mil-atendimentos-por-dia-no-fim-de-semana","status":"publish","type":"post","link":"https:\/\/blogdorogeriogomes.com.br\/noticias\/2019\/11\/mutirao-da-biometria-no-centro-de-eventos-ficara-limitado-a-tres-mil-atendimentos-por-dia-no-fim-de-semana\/","title":{"rendered":"Mutir\u00e3o da biometria no Centro de Eventos ficar\u00e1 limitado a tr\u00eas mil atendimentos por dia no fim de semana"},"content":{"rendered":"<p><img loading=\"lazy\" decoding=\"async\" class=\"alignnone size-medium wp-image-14660\" src=\"http:\/\/blogdorogeriogomes.com.br\/wp-content\/uploads\/2019\/11\/biometria-joao-pedro-ribeiro-300x169.jpeg\" alt=\"biometria-joao-pedro-ribeiro\" width=\"300\" height=\"169\" srcset=\"https:\/\/blogdorogeriogomes.com.br\/noticias\/wp-content\/uploads\/2019\/11\/biometria-joao-pedro-ribeiro-300x169.jpeg 300w, https:\/\/blogdorogeriogomes.com.br\/noticias\/wp-content\/uploads\/2019\/11\/biometria-joao-pedro-ribeiro-768x432.jpeg 768w, https:\/\/blogdorogeriogomes.com.br\/noticias\/wp-content\/uploads\/2019\/11\/biometria-joao-pedro-ribeiro.jpeg 984w\" sizes=\"auto, (max-width: 300px) 100vw, 300px\" \/><\/p>\n<p>O Tribunal Regional Eleitoral do Cear\u00e1 (TRE) determinou que o Mutir\u00e3o da Biometria vai funcionar neste s\u00e1bado, dia 23 de novembro, e no domingo, dia 24, a partir das 8 horas da manh\u00e3, com a entrada limitada de tr\u00eas mil eleitores.<br \/>\nAp\u00f3s esse n\u00famero ser atingido, os port\u00f5es ser\u00e3o fechados. No entanto, o mutir\u00e3o seguir\u00e1 recebendo eleitores com direito ao atendimento preferencial (idosos, gestantes, lactantes, pessoas com crian\u00e7a de colo, obesos, pessoas autistas e pessoas com defici\u00eancia) at\u00e9 ao meio dia.<br \/>\nO prazo para fazer o cadastramento biom\u00e9trico em Fortaleza se encerra no dia 29 de novembro. Quem n\u00e3o fizer a biometria dentro do prazo corre o risco de ter o t\u00edtulo eleitoral cancelado. S\u00f3 vai poder votar nas elei\u00e7\u00f5es municipais da Capital em 2020 quem fizer o cadastramento biom\u00e9trico.<\/p>\n","protected":false},"excerpt":{"rendered":"<p>O Tribunal Regional Eleitoral do Cear\u00e1 (TRE) determinou que o Mutir\u00e3o da Biometria vai funcionar neste s\u00e1bado, dia 23 de novembro, e no domingo, dia 24, a partir das 8 horas da manh\u00e3, com a entrada limitada de tr\u00eas mil eleitores. Ap\u00f3s esse n\u00famero ser atingido, os port\u00f5es ser\u00e3o fechados. No entanto, o mutir\u00e3o seguir\u00e1 recebendo eleitores com direito ao atendimento preferencial (idosos, gestantes, lactantes, pessoas com crian\u00e7a de colo, obesos, pessoas autistas e pessoas com defici\u00eancia) at\u00e9 ao&hellip;<\/p>\n","protected":false},"author":1,"featured_media":0,"comment_status":"open","ping_status":"open","sticky":false,"template":"","format":"standard","meta":{"footnotes":""},"categories":[1],"tags":[],"class_list":["post-14659","post","type-post","status-publish","format-standard","hentry","category-noticias"],"_links":{"self":[{"href":"https:\/\/blogdorogeriogomes.com.br\/noticias\/wp-json\/wp\/v2\/posts\/14659","targetHints":{"allow":["GET"]}}],"collection":[{"href":"https:\/\/blogdorogeriogomes.com.br\/noticias\/wp-json\/wp\/v2\/posts"}],"about":[{"href":"https:\/\/blogdorogeriogomes.com.br\/noticias\/wp-json\/wp\/v2\/types\/post"}],"author":[{"embeddable":true,"href":"https:\/\/blogdorogeriogomes.com.br\/noticias\/wp-json\/wp\/v2\/users\/1"}],"replies":[{"embeddable":true,"href":"https:\/\/blogdorogeriogomes.com.br\/noticias\/wp-json\/wp\/v2\/comments?post=14659"}],"version-history":[{"count":1,"href":"https:\/\/blogdorogeriogomes.com.br\/noticias\/wp-json\/wp\/v2\/posts\/14659\/revisions"}],"predecessor-version":[{"id":14661,"href":"https:\/\/blogdorogeriogomes.com.br\/noticias\/wp-json\/wp\/v2\/posts\/14659\/revisions\/14661"}],"wp:attachment":[{"href":"https:\/\/blogdorogeriogomes.com.br\/noticias\/wp-json\/wp\/v2\/media?parent=14659"}],"wp:term":[{"taxonomy":"category","embeddable":true,"href":"https:\/\/blogdorogeriogomes.com.br\/noticias\/wp-json\/wp\/v2\/categories?post=14659"},{"taxonomy":"post_tag","embeddable":true,"href":"https:\/\/blogdorogeriogomes.com.br\/noticias\/wp-json\/wp\/v2\/tags?post=14659"}],"curies":[{"name":"wp","href":"https:\/\/api.w.org\/{rel}","templated":true}]}}