{"id":14662,"date":"2019-11-22T20:03:26","date_gmt":"2019-11-22T20:03:26","guid":{"rendered":"http:\/\/blogdorogeriogomes.com.br\/?p=14662"},"modified":"2019-11-22T20:03:26","modified_gmt":"2019-11-22T20:03:26","slug":"programa-mais-infancia-ceara-e-apresentado-em-workshop-no-espirito-santo","status":"publish","type":"post","link":"https:\/\/blogdorogeriogomes.com.br\/noticias\/2019\/11\/programa-mais-infancia-ceara-e-apresentado-em-workshop-no-espirito-santo\/","title":{"rendered":"Programa Mais Inf\u00e2ncia Cear\u00e1 \u00e9 apresentado em workshop no Esp\u00edrito Santo"},"content":{"rendered":"<p><img loading=\"lazy\" decoding=\"async\" class=\"alignnone size-medium wp-image-14663\" src=\"http:\/\/blogdorogeriogomes.com.br\/wp-content\/uploads\/2019\/11\/IMG_20191122_170038_073-300x300.jpg\" alt=\"IMG_20191122_170038_073\" width=\"300\" height=\"300\" srcset=\"https:\/\/blogdorogeriogomes.com.br\/noticias\/wp-content\/uploads\/2019\/11\/IMG_20191122_170038_073-300x300.jpg 300w, https:\/\/blogdorogeriogomes.com.br\/noticias\/wp-content\/uploads\/2019\/11\/IMG_20191122_170038_073-150x150.jpg 150w, https:\/\/blogdorogeriogomes.com.br\/noticias\/wp-content\/uploads\/2019\/11\/IMG_20191122_170038_073-768x768.jpg 768w, https:\/\/blogdorogeriogomes.com.br\/noticias\/wp-content\/uploads\/2019\/11\/IMG_20191122_170038_073.jpg 853w\" sizes=\"auto, (max-width: 300px) 100vw, 300px\" \/><\/p>\n<p>O Programa Mais Inf\u00e2ncia Cear\u00e1, institu\u00eddo pol\u00edtica p\u00fablica no primeiro semestre desse ano, foi apresentado, esta semana, durante abertura do Workshop pela Primeira Inf\u00e2ncia, promovido no Esp\u00edrito Santo. A convite do governo capixaba, a primeira-dama do Cear\u00e1, On\u00e9lia Santana, foi uma das palestrantes no evento e apontou os resultados do trabalho j\u00e1 realizado pelo Governo do Cear\u00e1 na \u00e1rea do desenvolvimento infantil. \u201cApresentar os avan\u00e7os do Estado na \u00e1rea da inf\u00e2ncia \u00e9 o reconhecimento de que estamos no caminho certo. S\u00e3o milhares de fam\u00edlias sendo beneficiadas com as a\u00e7\u00f5es do programa nos 184 munic\u00edpios cearenses\u201d, enfatiza.<br \/>\nO evento, que tem a coordena\u00e7\u00e3o da Secretaria de Trabalho, Assist\u00eancia e Desenvolvimento Social (Setades), re\u00fane at\u00e9 sexta-feira, dia 22 de novembro, gestores p\u00fablicos e t\u00e9cnicos do Crian\u00e7a Feliz, programa de visitas domiciliares do Governo Federal, que atuam no Esp\u00edrito Santo e buscam refer\u00eancias em experi\u00eancias exitosas de pol\u00edticas p\u00fablicas intersetoriais voltadas para a primeira inf\u00e2ncia, abrangendo crian\u00e7as at\u00e9 seis anos de idade. \u201cO Cear\u00e1 \u00e9 um estado bastante avan\u00e7ado na \u00e1rea infantil e a seriedade do trabalho realizado pela primeira-dama On\u00e9lia fortalece os efeitos que t\u00eam por l\u00e1. Traz\u00ea-la aqui para compartilhar conosco um pouco da expertise e os resultados do Mais Inf\u00e2ncia vai auxiliar, e muito, nossa equipe. Queremos garantir o desenvolvimento integral da crian\u00e7a esp\u00edrito-santense\u201d, salienta o secret\u00e1rio Bruno Lamas, da Setades.<\/p>\n","protected":false},"excerpt":{"rendered":"<p>O Programa Mais Inf\u00e2ncia Cear\u00e1, institu\u00eddo pol\u00edtica p\u00fablica no primeiro semestre desse ano, foi apresentado, esta semana, durante abertura do Workshop pela Primeira Inf\u00e2ncia, promovido no Esp\u00edrito Santo. A convite do governo capixaba, a primeira-dama do Cear\u00e1, On\u00e9lia Santana, foi uma das palestrantes no evento e apontou os resultados do trabalho j\u00e1 realizado pelo Governo do Cear\u00e1 na \u00e1rea do desenvolvimento infantil. \u201cApresentar os avan\u00e7os do Estado na \u00e1rea da inf\u00e2ncia \u00e9 o reconhecimento de que estamos no caminho&hellip;<\/p>\n","protected":false},"author":1,"featured_media":0,"comment_status":"open","ping_status":"open","sticky":false,"template":"","format":"standard","meta":{"footnotes":""},"categories":[1],"tags":[],"class_list":["post-14662","post","type-post","status-publish","format-standard","hentry","category-noticias"],"_links":{"self":[{"href":"https:\/\/blogdorogeriogomes.com.br\/noticias\/wp-json\/wp\/v2\/posts\/14662","targetHints":{"allow":["GET"]}}],"collection":[{"href":"https:\/\/blogdorogeriogomes.com.br\/noticias\/wp-json\/wp\/v2\/posts"}],"about":[{"href":"https:\/\/blogdorogeriogomes.com.br\/noticias\/wp-json\/wp\/v2\/types\/post"}],"author":[{"embeddable":true,"href":"https:\/\/blogdorogeriogomes.com.br\/noticias\/wp-json\/wp\/v2\/users\/1"}],"replies":[{"embeddable":true,"href":"https:\/\/blogdorogeriogomes.com.br\/noticias\/wp-json\/wp\/v2\/comments?post=14662"}],"version-history":[{"count":1,"href":"https:\/\/blogdorogeriogomes.com.br\/noticias\/wp-json\/wp\/v2\/posts\/14662\/revisions"}],"predecessor-version":[{"id":14664,"href":"https:\/\/blogdorogeriogomes.com.br\/noticias\/wp-json\/wp\/v2\/posts\/14662\/revisions\/14664"}],"wp:attachment":[{"href":"https:\/\/blogdorogeriogomes.com.br\/noticias\/wp-json\/wp\/v2\/media?parent=14662"}],"wp:term":[{"taxonomy":"category","embeddable":true,"href":"https:\/\/blogdorogeriogomes.com.br\/noticias\/wp-json\/wp\/v2\/categories?post=14662"},{"taxonomy":"post_tag","embeddable":true,"href":"https:\/\/blogdorogeriogomes.com.br\/noticias\/wp-json\/wp\/v2\/tags?post=14662"}],"curies":[{"name":"wp","href":"https:\/\/api.w.org\/{rel}","templated":true}]}}