{"id":14665,"date":"2019-11-23T11:59:29","date_gmt":"2019-11-23T11:59:29","guid":{"rendered":"http:\/\/blogdorogeriogomes.com.br\/?p=14665"},"modified":"2019-11-23T11:59:29","modified_gmt":"2019-11-23T11:59:29","slug":"requalificacao-da-orla-da-barra-do-ceara-deve-ser-iniciada-em-marco-de-2020","status":"publish","type":"post","link":"https:\/\/blogdorogeriogomes.com.br\/noticias\/2019\/11\/requalificacao-da-orla-da-barra-do-ceara-deve-ser-iniciada-em-marco-de-2020\/","title":{"rendered":"Requalifica\u00e7\u00e3o da orla da Barra do Cear\u00e1 deve ser iniciada em mar\u00e7o de 2020"},"content":{"rendered":"<p><img loading=\"lazy\" decoding=\"async\" class=\"alignnone size-medium wp-image-14666\" src=\"http:\/\/blogdorogeriogomes.com.br\/wp-content\/uploads\/2019\/11\/IMG_20191123_084936_118-300x171.jpg\" alt=\"IMG_20191123_084936_118\" width=\"300\" height=\"171\" srcset=\"https:\/\/blogdorogeriogomes.com.br\/noticias\/wp-content\/uploads\/2019\/11\/IMG_20191123_084936_118-300x171.jpg 300w, https:\/\/blogdorogeriogomes.com.br\/noticias\/wp-content\/uploads\/2019\/11\/IMG_20191123_084936_118.jpg 678w\" sizes=\"auto, (max-width: 300px) 100vw, 300px\" \/><\/p>\n<p>As obras de requalifica\u00e7\u00e3o da orla da Barra do Cear\u00e1, em Fortaleza, devem come\u00e7ar at\u00e9 mar\u00e7o de 2020, de acordo com a Secretaria Municipal de Infraestrutura (Seinf). Os servi\u00e7os est\u00e3o or\u00e7ados em R$ 8 milh\u00f5es e 400 mil reais.<br \/>\nA requalifica\u00e7\u00e3o da Barra tem prazo de execu\u00e7\u00e3o de um ano e seis meses, com trabalhos que v\u00e3o da Ponte sobre o Rio Cear\u00e1 at\u00e9 o Marco Zero. Est\u00e3o previstas a recupera\u00e7\u00e3o de todo o cal\u00e7ad\u00e3o com a implanta\u00e7\u00e3o de rampas de acessibilidade; a padroniza\u00e7\u00e3o dos quiosques; nova pavimenta\u00e7\u00e3o e ilumina\u00e7\u00e3o; novo mobili\u00e1rio urbano, com academia e parquinho; equipamentos esportivos; vagas de estacionamento, al\u00e9m da revitaliza\u00e7\u00e3o de pra\u00e7as, incluindo a do Marco Zero.<br \/>\nPara 2020, a Prefeitura de Fortaleza promete investir R$ 1,5 bilh\u00e3o de reais, que \u00e9 o recurso destinado ao Mais A\u00e7\u00e3o, num pacote de mais de 700 obras que tem como foco a periferia da Capital.<\/p>\n","protected":false},"excerpt":{"rendered":"<p>As obras de requalifica\u00e7\u00e3o da orla da Barra do Cear\u00e1, em Fortaleza, devem come\u00e7ar at\u00e9 mar\u00e7o de 2020, de acordo com a Secretaria Municipal de Infraestrutura (Seinf). Os servi\u00e7os est\u00e3o or\u00e7ados em R$ 8 milh\u00f5es e 400 mil reais. A requalifica\u00e7\u00e3o da Barra tem prazo de execu\u00e7\u00e3o de um ano e seis meses, com trabalhos que v\u00e3o da Ponte sobre o Rio Cear\u00e1 at\u00e9 o Marco Zero. Est\u00e3o previstas a recupera\u00e7\u00e3o de todo o cal\u00e7ad\u00e3o com a implanta\u00e7\u00e3o de&hellip;<\/p>\n","protected":false},"author":1,"featured_media":0,"comment_status":"open","ping_status":"open","sticky":false,"template":"","format":"standard","meta":{"footnotes":""},"categories":[1],"tags":[],"class_list":["post-14665","post","type-post","status-publish","format-standard","hentry","category-noticias"],"_links":{"self":[{"href":"https:\/\/blogdorogeriogomes.com.br\/noticias\/wp-json\/wp\/v2\/posts\/14665","targetHints":{"allow":["GET"]}}],"collection":[{"href":"https:\/\/blogdorogeriogomes.com.br\/noticias\/wp-json\/wp\/v2\/posts"}],"about":[{"href":"https:\/\/blogdorogeriogomes.com.br\/noticias\/wp-json\/wp\/v2\/types\/post"}],"author":[{"embeddable":true,"href":"https:\/\/blogdorogeriogomes.com.br\/noticias\/wp-json\/wp\/v2\/users\/1"}],"replies":[{"embeddable":true,"href":"https:\/\/blogdorogeriogomes.com.br\/noticias\/wp-json\/wp\/v2\/comments?post=14665"}],"version-history":[{"count":1,"href":"https:\/\/blogdorogeriogomes.com.br\/noticias\/wp-json\/wp\/v2\/posts\/14665\/revisions"}],"predecessor-version":[{"id":14667,"href":"https:\/\/blogdorogeriogomes.com.br\/noticias\/wp-json\/wp\/v2\/posts\/14665\/revisions\/14667"}],"wp:attachment":[{"href":"https:\/\/blogdorogeriogomes.com.br\/noticias\/wp-json\/wp\/v2\/media?parent=14665"}],"wp:term":[{"taxonomy":"category","embeddable":true,"href":"https:\/\/blogdorogeriogomes.com.br\/noticias\/wp-json\/wp\/v2\/categories?post=14665"},{"taxonomy":"post_tag","embeddable":true,"href":"https:\/\/blogdorogeriogomes.com.br\/noticias\/wp-json\/wp\/v2\/tags?post=14665"}],"curies":[{"name":"wp","href":"https:\/\/api.w.org\/{rel}","templated":true}]}}