{"id":14668,"date":"2019-11-23T12:30:10","date_gmt":"2019-11-23T12:30:10","guid":{"rendered":"http:\/\/blogdorogeriogomes.com.br\/?p=14668"},"modified":"2019-11-23T12:30:10","modified_gmt":"2019-11-23T12:30:10","slug":"fux-derruba-decisao-da-justica-federal-de-curitiba-e-libera-julgamento-de-deltan-no-cnmp","status":"publish","type":"post","link":"https:\/\/blogdorogeriogomes.com.br\/noticias\/2019\/11\/fux-derruba-decisao-da-justica-federal-de-curitiba-e-libera-julgamento-de-deltan-no-cnmp\/","title":{"rendered":"Fux derruba decis\u00e3o da Justi\u00e7a Federal de Curitiba e libera julgamento de Deltan no CNMP"},"content":{"rendered":"<p><img loading=\"lazy\" decoding=\"async\" class=\"alignnone size-medium wp-image-14669\" src=\"http:\/\/blogdorogeriogomes.com.br\/wp-content\/uploads\/2019\/11\/IMG_20191123_092212_473-300x193.jpg\" alt=\"IMG_20191123_092212_473\" width=\"300\" height=\"193\" srcset=\"https:\/\/blogdorogeriogomes.com.br\/noticias\/wp-content\/uploads\/2019\/11\/IMG_20191123_092212_473-300x193.jpg 300w, https:\/\/blogdorogeriogomes.com.br\/noticias\/wp-content\/uploads\/2019\/11\/IMG_20191123_092212_473.jpg 691w\" sizes=\"auto, (max-width: 300px) 100vw, 300px\" \/><\/p>\n<p>O ministro Luiz Fux, do Supremo Tribunal Federal (STF), derrubou a decis\u00e3o da 5\u00aa Vara Federal de Curitiba que suspendeu o julgamento contra Deltan Dallagnol no Conselho Nacional do Minist\u00e9rio P\u00fablico (CNMP).<br \/>\nO processo contra Deltan est\u00e1 na pauta da pr\u00f3xima ter\u00e7a-feira, dia 26 de novembro, do conselho. O julgamento foi suspenso ao menos duas vezes. O conselho vai julgar se Deltan cometeu infra\u00e7\u00e3o ao dizer em entrevista \u00e0 CBN que a segunda turma do STF passa a \u201cmensagem de leni\u00eancia\u201d e acusou ministros de formarem &#8220;uma panelinha&#8221; a favor da corrup\u00e7\u00e3o. H\u00e1 tamb\u00e9m outras representa\u00e7\u00f5es contra Dallagnol no CNMP a espera de julgamento, principalmente, ap\u00f3s os vazamentos do The Intercept Brasil em que ele aparece em conversas com o ex-juiz S\u00e9rgio Moro.<br \/>\nFalando em Moro, o julgamento da suspei\u00e7\u00e3o de Moro deve ficar para 2020. O caso n\u00e3o deve ser devolvido pelo ministro Gilmar Mendes nas sess\u00f5es que ainda restam em 2019.<\/p>\n","protected":false},"excerpt":{"rendered":"<p>O ministro Luiz Fux, do Supremo Tribunal Federal (STF), derrubou a decis\u00e3o da 5\u00aa Vara Federal de Curitiba que suspendeu o julgamento contra Deltan Dallagnol no Conselho Nacional do Minist\u00e9rio P\u00fablico (CNMP). O processo contra Deltan est\u00e1 na pauta da pr\u00f3xima ter\u00e7a-feira, dia 26 de novembro, do conselho. O julgamento foi suspenso ao menos duas vezes. O conselho vai julgar se Deltan cometeu infra\u00e7\u00e3o ao dizer em entrevista \u00e0 CBN que a segunda turma do STF passa a \u201cmensagem&hellip;<\/p>\n","protected":false},"author":1,"featured_media":0,"comment_status":"open","ping_status":"open","sticky":false,"template":"","format":"standard","meta":{"footnotes":""},"categories":[1],"tags":[],"class_list":["post-14668","post","type-post","status-publish","format-standard","hentry","category-noticias"],"_links":{"self":[{"href":"https:\/\/blogdorogeriogomes.com.br\/noticias\/wp-json\/wp\/v2\/posts\/14668","targetHints":{"allow":["GET"]}}],"collection":[{"href":"https:\/\/blogdorogeriogomes.com.br\/noticias\/wp-json\/wp\/v2\/posts"}],"about":[{"href":"https:\/\/blogdorogeriogomes.com.br\/noticias\/wp-json\/wp\/v2\/types\/post"}],"author":[{"embeddable":true,"href":"https:\/\/blogdorogeriogomes.com.br\/noticias\/wp-json\/wp\/v2\/users\/1"}],"replies":[{"embeddable":true,"href":"https:\/\/blogdorogeriogomes.com.br\/noticias\/wp-json\/wp\/v2\/comments?post=14668"}],"version-history":[{"count":1,"href":"https:\/\/blogdorogeriogomes.com.br\/noticias\/wp-json\/wp\/v2\/posts\/14668\/revisions"}],"predecessor-version":[{"id":14670,"href":"https:\/\/blogdorogeriogomes.com.br\/noticias\/wp-json\/wp\/v2\/posts\/14668\/revisions\/14670"}],"wp:attachment":[{"href":"https:\/\/blogdorogeriogomes.com.br\/noticias\/wp-json\/wp\/v2\/media?parent=14668"}],"wp:term":[{"taxonomy":"category","embeddable":true,"href":"https:\/\/blogdorogeriogomes.com.br\/noticias\/wp-json\/wp\/v2\/categories?post=14668"},{"taxonomy":"post_tag","embeddable":true,"href":"https:\/\/blogdorogeriogomes.com.br\/noticias\/wp-json\/wp\/v2\/tags?post=14668"}],"curies":[{"name":"wp","href":"https:\/\/api.w.org\/{rel}","templated":true}]}}