{"id":14671,"date":"2019-11-23T16:10:05","date_gmt":"2019-11-23T16:10:05","guid":{"rendered":"http:\/\/blogdorogeriogomes.com.br\/?p=14671"},"modified":"2019-11-23T16:10:05","modified_gmt":"2019-11-23T16:10:05","slug":"camilo-santana-retorna-ao-ceara-e-vistoria-obras-de-mobilidade-urbana-na-regiao-metropolitana","status":"publish","type":"post","link":"https:\/\/blogdorogeriogomes.com.br\/noticias\/2019\/11\/camilo-santana-retorna-ao-ceara-e-vistoria-obras-de-mobilidade-urbana-na-regiao-metropolitana\/","title":{"rendered":"Camilo Santana retorna ao Cear\u00e1 e vistoria obras de mobilidade urbana na Regi\u00e3o Metropolitana"},"content":{"rendered":"<p><img loading=\"lazy\" decoding=\"async\" class=\"alignnone size-medium wp-image-14672\" src=\"http:\/\/blogdorogeriogomes.com.br\/wp-content\/uploads\/2019\/11\/IMG_20191123_130621_352-300x225.jpg\" alt=\"IMG_20191123_130621_352\" width=\"300\" height=\"225\" srcset=\"https:\/\/blogdorogeriogomes.com.br\/noticias\/wp-content\/uploads\/2019\/11\/IMG_20191123_130621_352-300x225.jpg 300w, https:\/\/blogdorogeriogomes.com.br\/noticias\/wp-content\/uploads\/2019\/11\/IMG_20191123_130621_352-768x576.jpg 768w, https:\/\/blogdorogeriogomes.com.br\/noticias\/wp-content\/uploads\/2019\/11\/IMG_20191123_130621_352.jpg 1024w\" sizes=\"auto, (max-width: 300px) 100vw, 300px\" \/><\/p>\n<p>J\u00e1 de volta ao Cear\u00e1 ap\u00f3s a miss\u00e3o oficial na Europa com outros governadores do Nordeste, o governador Camilo Santana visitou, na manh\u00e3 deste s\u00e1bado, dia 23 de novembro, a obra de duplica\u00e7\u00e3o da CE-025, no Porto das Dunas. A estrada, que tem cerca de sete quil\u00f4metros, \u00e9 importante acesso ao Beach Park e outras praias do litoral leste.<br \/>\nCamilo Santana tamb\u00e9m visitou ainda as obras do viaduto da CE-040, em Aquiraz. Em seguida, o governador acompanhou a libera\u00e7\u00e3o do tr\u00e2nsito no viaduto da CE-060 com Anel Vi\u00e1rio, no trecho pr\u00f3ximo \u00e0 Ceasa, em Maracana\u00fa, que faz parte da interven\u00e7\u00e3o do Anel Vi\u00e1rio da Regi\u00e3o Metropolitana de Fortaleza.<\/p>\n","protected":false},"excerpt":{"rendered":"<p>J\u00e1 de volta ao Cear\u00e1 ap\u00f3s a miss\u00e3o oficial na Europa com outros governadores do Nordeste, o governador Camilo Santana visitou, na manh\u00e3 deste s\u00e1bado, dia 23 de novembro, a obra de duplica\u00e7\u00e3o da CE-025, no Porto das Dunas. A estrada, que tem cerca de sete quil\u00f4metros, \u00e9 importante acesso ao Beach Park e outras praias do litoral leste. Camilo Santana tamb\u00e9m visitou ainda as obras do viaduto da CE-040, em Aquiraz. Em seguida, o governador acompanhou a libera\u00e7\u00e3o&hellip;<\/p>\n","protected":false},"author":1,"featured_media":0,"comment_status":"open","ping_status":"open","sticky":false,"template":"","format":"standard","meta":{"footnotes":""},"categories":[1],"tags":[],"class_list":["post-14671","post","type-post","status-publish","format-standard","hentry","category-noticias"],"_links":{"self":[{"href":"https:\/\/blogdorogeriogomes.com.br\/noticias\/wp-json\/wp\/v2\/posts\/14671","targetHints":{"allow":["GET"]}}],"collection":[{"href":"https:\/\/blogdorogeriogomes.com.br\/noticias\/wp-json\/wp\/v2\/posts"}],"about":[{"href":"https:\/\/blogdorogeriogomes.com.br\/noticias\/wp-json\/wp\/v2\/types\/post"}],"author":[{"embeddable":true,"href":"https:\/\/blogdorogeriogomes.com.br\/noticias\/wp-json\/wp\/v2\/users\/1"}],"replies":[{"embeddable":true,"href":"https:\/\/blogdorogeriogomes.com.br\/noticias\/wp-json\/wp\/v2\/comments?post=14671"}],"version-history":[{"count":1,"href":"https:\/\/blogdorogeriogomes.com.br\/noticias\/wp-json\/wp\/v2\/posts\/14671\/revisions"}],"predecessor-version":[{"id":14673,"href":"https:\/\/blogdorogeriogomes.com.br\/noticias\/wp-json\/wp\/v2\/posts\/14671\/revisions\/14673"}],"wp:attachment":[{"href":"https:\/\/blogdorogeriogomes.com.br\/noticias\/wp-json\/wp\/v2\/media?parent=14671"}],"wp:term":[{"taxonomy":"category","embeddable":true,"href":"https:\/\/blogdorogeriogomes.com.br\/noticias\/wp-json\/wp\/v2\/categories?post=14671"},{"taxonomy":"post_tag","embeddable":true,"href":"https:\/\/blogdorogeriogomes.com.br\/noticias\/wp-json\/wp\/v2\/tags?post=14671"}],"curies":[{"name":"wp","href":"https:\/\/api.w.org\/{rel}","templated":true}]}}