{"id":14674,"date":"2019-11-25T10:59:59","date_gmt":"2019-11-25T10:59:59","guid":{"rendered":"http:\/\/blogdorogeriogomes.com.br\/?p=14674"},"modified":"2019-11-25T10:59:59","modified_gmt":"2019-11-25T10:59:59","slug":"ministerio-publico-do-ceara-vai-indicar-lista-triplice-para-escolher-novo-procurador-geral","status":"publish","type":"post","link":"https:\/\/blogdorogeriogomes.com.br\/noticias\/2019\/11\/ministerio-publico-do-ceara-vai-indicar-lista-triplice-para-escolher-novo-procurador-geral\/","title":{"rendered":"Minist\u00e9rio P\u00fablico do Cear\u00e1 vai indicar lista tr\u00edplice para escolher novo procurador-geral"},"content":{"rendered":"<p><img loading=\"lazy\" decoding=\"async\" class=\"alignnone size-medium wp-image-14676\" src=\"http:\/\/blogdorogeriogomes.com.br\/wp-content\/uploads\/2019\/11\/IMG_20191125_075519_601-300x199.jpg\" alt=\"IMG_20191125_075519_601\" width=\"300\" height=\"199\" srcset=\"https:\/\/blogdorogeriogomes.com.br\/noticias\/wp-content\/uploads\/2019\/11\/IMG_20191125_075519_601-300x199.jpg 300w, https:\/\/blogdorogeriogomes.com.br\/noticias\/wp-content\/uploads\/2019\/11\/IMG_20191125_075519_601.jpg 679w\" sizes=\"auto, (max-width: 300px) 100vw, 300px\" \/><\/p>\n<p>O Minist\u00e9rio P\u00fablico do Cear\u00e1 vai indicar, no pr\u00f3ximo dia 6 de dezembro, a lista tr\u00edplice da qual sair\u00e1 o nome do novo procurador-geral de Justi\u00e7a do Estado. O nome \u00e9 definido pelo governador Camilo Santana a partir dos tr\u00eas mais votados no Minist\u00e9rio P\u00fablico. O atual procurador-geral, Pl\u00e1cido Rios, foi eleito pela primeira vez em 2015 e reeleito em 2017.<br \/>\nEst\u00e3o concorrendo ao cargo de procurador-geral para o bi\u00eanio 2020-2021 dois procuradores e dois promotores. S\u00e3o eles: os promotores Manuel Pinheiro Freitas e Nestor Rocha Cabral e os procuradores Vanja Fontenele Pontes e Miguel \u00c2ngelo Pinheiro.<\/p>\n","protected":false},"excerpt":{"rendered":"<p>O Minist\u00e9rio P\u00fablico do Cear\u00e1 vai indicar, no pr\u00f3ximo dia 6 de dezembro, a lista tr\u00edplice da qual sair\u00e1 o nome do novo procurador-geral de Justi\u00e7a do Estado. O nome \u00e9 definido pelo governador Camilo Santana a partir dos tr\u00eas mais votados no Minist\u00e9rio P\u00fablico. O atual procurador-geral, Pl\u00e1cido Rios, foi eleito pela primeira vez em 2015 e reeleito em 2017. Est\u00e3o concorrendo ao cargo de procurador-geral para o bi\u00eanio 2020-2021 dois procuradores e dois promotores. S\u00e3o eles: os&hellip;<\/p>\n","protected":false},"author":1,"featured_media":0,"comment_status":"open","ping_status":"open","sticky":false,"template":"","format":"standard","meta":{"footnotes":""},"categories":[1],"tags":[],"class_list":["post-14674","post","type-post","status-publish","format-standard","hentry","category-noticias"],"_links":{"self":[{"href":"https:\/\/blogdorogeriogomes.com.br\/noticias\/wp-json\/wp\/v2\/posts\/14674","targetHints":{"allow":["GET"]}}],"collection":[{"href":"https:\/\/blogdorogeriogomes.com.br\/noticias\/wp-json\/wp\/v2\/posts"}],"about":[{"href":"https:\/\/blogdorogeriogomes.com.br\/noticias\/wp-json\/wp\/v2\/types\/post"}],"author":[{"embeddable":true,"href":"https:\/\/blogdorogeriogomes.com.br\/noticias\/wp-json\/wp\/v2\/users\/1"}],"replies":[{"embeddable":true,"href":"https:\/\/blogdorogeriogomes.com.br\/noticias\/wp-json\/wp\/v2\/comments?post=14674"}],"version-history":[{"count":1,"href":"https:\/\/blogdorogeriogomes.com.br\/noticias\/wp-json\/wp\/v2\/posts\/14674\/revisions"}],"predecessor-version":[{"id":14677,"href":"https:\/\/blogdorogeriogomes.com.br\/noticias\/wp-json\/wp\/v2\/posts\/14674\/revisions\/14677"}],"wp:attachment":[{"href":"https:\/\/blogdorogeriogomes.com.br\/noticias\/wp-json\/wp\/v2\/media?parent=14674"}],"wp:term":[{"taxonomy":"category","embeddable":true,"href":"https:\/\/blogdorogeriogomes.com.br\/noticias\/wp-json\/wp\/v2\/categories?post=14674"},{"taxonomy":"post_tag","embeddable":true,"href":"https:\/\/blogdorogeriogomes.com.br\/noticias\/wp-json\/wp\/v2\/tags?post=14674"}],"curies":[{"name":"wp","href":"https:\/\/api.w.org\/{rel}","templated":true}]}}