{"id":14678,"date":"2019-11-25T11:27:07","date_gmt":"2019-11-25T11:27:07","guid":{"rendered":"http:\/\/blogdorogeriogomes.com.br\/?p=14678"},"modified":"2019-11-25T11:27:07","modified_gmt":"2019-11-25T11:27:07","slug":"trf-4-discute-anulacao-da-sentenca-do-ex-presidente-lula-no-caso-do-sitio-de-atibaia","status":"publish","type":"post","link":"https:\/\/blogdorogeriogomes.com.br\/noticias\/2019\/11\/trf-4-discute-anulacao-da-sentenca-do-ex-presidente-lula-no-caso-do-sitio-de-atibaia\/","title":{"rendered":"TRF-4 discute anula\u00e7\u00e3o da senten\u00e7a do ex-presidente Lula no caso do s\u00edtio de Atibaia"},"content":{"rendered":"<p><img loading=\"lazy\" decoding=\"async\" class=\"alignnone size-medium wp-image-14679\" src=\"http:\/\/blogdorogeriogomes.com.br\/wp-content\/uploads\/2019\/11\/IMG_20191125_082154_668-300x198.jpg\" alt=\"IMG_20191125_082154_668\" width=\"300\" height=\"198\" srcset=\"https:\/\/blogdorogeriogomes.com.br\/noticias\/wp-content\/uploads\/2019\/11\/IMG_20191125_082154_668-300x198.jpg 300w, https:\/\/blogdorogeriogomes.com.br\/noticias\/wp-content\/uploads\/2019\/11\/IMG_20191125_082154_668.jpg 583w\" sizes=\"auto, (max-width: 300px) 100vw, 300px\" \/><\/p>\n<p>A anula\u00e7\u00e3o da senten\u00e7a que condenou o ex-presidente Lula no caso do s\u00edtio de Atibaia ser\u00e1 discutida, nesta quarta-feira, dia 27 de novembro, no Tribunal Regional Federal da 4\u00aa Regi\u00e3o.<br \/>\nTr\u00eas ju\u00edzes do TRF-4 v\u00e3o julgar apela\u00e7\u00e3o do petista contra condena\u00e7\u00e3o em primeira inst\u00e2ncia a 12 anos e 11 meses por corrup\u00e7\u00e3o e lavagem de dinheiro. \u00c9 poss\u00edvel, por\u00e9m, que antes de julgar o m\u00e9rito os magistrados decidam mandar o caso de volta \u00e0 primeira inst\u00e2ncia, uma vez que \u00e0 \u00e9poca os r\u00e9us delatados n\u00e3o tiveram a autoriza\u00e7\u00e3o de se manifestar ap\u00f3s os acusados delatores.<br \/>\nOs desembargadores Carlos Eduardo Thompson Flores, Jo\u00e3o Pedro Gebran Neto e Leandro Paulsen, da 8\u00aa Turma do TRF-4 julgam o recurso do ex-presidente.<\/p>\n","protected":false},"excerpt":{"rendered":"<p>A anula\u00e7\u00e3o da senten\u00e7a que condenou o ex-presidente Lula no caso do s\u00edtio de Atibaia ser\u00e1 discutida, nesta quarta-feira, dia 27 de novembro, no Tribunal Regional Federal da 4\u00aa Regi\u00e3o. Tr\u00eas ju\u00edzes do TRF-4 v\u00e3o julgar apela\u00e7\u00e3o do petista contra condena\u00e7\u00e3o em primeira inst\u00e2ncia a 12 anos e 11 meses por corrup\u00e7\u00e3o e lavagem de dinheiro. \u00c9 poss\u00edvel, por\u00e9m, que antes de julgar o m\u00e9rito os magistrados decidam mandar o caso de volta \u00e0 primeira inst\u00e2ncia, uma vez que&hellip;<\/p>\n","protected":false},"author":1,"featured_media":0,"comment_status":"open","ping_status":"open","sticky":false,"template":"","format":"standard","meta":{"footnotes":""},"categories":[1],"tags":[],"class_list":["post-14678","post","type-post","status-publish","format-standard","hentry","category-noticias"],"_links":{"self":[{"href":"https:\/\/blogdorogeriogomes.com.br\/noticias\/wp-json\/wp\/v2\/posts\/14678","targetHints":{"allow":["GET"]}}],"collection":[{"href":"https:\/\/blogdorogeriogomes.com.br\/noticias\/wp-json\/wp\/v2\/posts"}],"about":[{"href":"https:\/\/blogdorogeriogomes.com.br\/noticias\/wp-json\/wp\/v2\/types\/post"}],"author":[{"embeddable":true,"href":"https:\/\/blogdorogeriogomes.com.br\/noticias\/wp-json\/wp\/v2\/users\/1"}],"replies":[{"embeddable":true,"href":"https:\/\/blogdorogeriogomes.com.br\/noticias\/wp-json\/wp\/v2\/comments?post=14678"}],"version-history":[{"count":1,"href":"https:\/\/blogdorogeriogomes.com.br\/noticias\/wp-json\/wp\/v2\/posts\/14678\/revisions"}],"predecessor-version":[{"id":14680,"href":"https:\/\/blogdorogeriogomes.com.br\/noticias\/wp-json\/wp\/v2\/posts\/14678\/revisions\/14680"}],"wp:attachment":[{"href":"https:\/\/blogdorogeriogomes.com.br\/noticias\/wp-json\/wp\/v2\/media?parent=14678"}],"wp:term":[{"taxonomy":"category","embeddable":true,"href":"https:\/\/blogdorogeriogomes.com.br\/noticias\/wp-json\/wp\/v2\/categories?post=14678"},{"taxonomy":"post_tag","embeddable":true,"href":"https:\/\/blogdorogeriogomes.com.br\/noticias\/wp-json\/wp\/v2\/tags?post=14678"}],"curies":[{"name":"wp","href":"https:\/\/api.w.org\/{rel}","templated":true}]}}