{"id":14681,"date":"2019-11-25T20:51:31","date_gmt":"2019-11-25T20:51:31","guid":{"rendered":"http:\/\/blogdorogeriogomes.com.br\/?p=14681"},"modified":"2019-11-25T20:51:31","modified_gmt":"2019-11-25T20:51:31","slug":"deputado-estadual-andre-fernandes-e-alvo-de-representacao-criminal-na-pgj","status":"publish","type":"post","link":"https:\/\/blogdorogeriogomes.com.br\/noticias\/2019\/11\/deputado-estadual-andre-fernandes-e-alvo-de-representacao-criminal-na-pgj\/","title":{"rendered":"Deputado estadual Andr\u00e9 Fernandes \u00e9 alvo de representa\u00e7\u00e3o criminal na PGJ"},"content":{"rendered":"<p><img loading=\"lazy\" decoding=\"async\" class=\"alignnone size-medium wp-image-14683\" src=\"http:\/\/blogdorogeriogomes.com.br\/wp-content\/uploads\/2019\/11\/IMG_20191125_174550_087-300x208.jpg\" alt=\"IMG_20191125_174550_087\" width=\"300\" height=\"208\" srcset=\"https:\/\/blogdorogeriogomes.com.br\/noticias\/wp-content\/uploads\/2019\/11\/IMG_20191125_174550_087-300x208.jpg 300w, https:\/\/blogdorogeriogomes.com.br\/noticias\/wp-content\/uploads\/2019\/11\/IMG_20191125_174550_087.jpg 568w\" sizes=\"auto, (max-width: 300px) 100vw, 300px\" \/><\/p>\n<p>O deputado estadual Andr\u00e9 Fernandes volta a se envolver em nova pol\u00eamica. O parlamentar do PSL j\u00e1 responde a processo disciplinar na Assembleia Legislativa do Cear\u00e1, ap\u00f3s acusar injustamente um colega deputado de envolvimento com uma organiza\u00e7\u00e3o criminosa. Se arrependeu, pediu desculpas, mas est\u00e1 pass\u00edvel de sofrer puni\u00e7\u00e3o de afastamento tempor\u00e1rio do mandato pelo Conselho de \u00c9tica da AL.<br \/>\nAgora, o caso envolve o governador Camilo Santana, que entrou com representa\u00e7\u00e3o criminal contra o deputado estadual Andr\u00e9 Fernandes. A a\u00e7\u00e3o, que tramita na Procuradoria Geral da Justi\u00e7a, acusa Fernandes da pr\u00e1tica de cal\u00fania e difama\u00e7\u00e3o contra o chefe do Executivo estadual.<br \/>\nO parlamentar do PSL tem usado as redes sociais para acusar Camilo Santana de divulgar entrega de obras do Governo do Estado sem atribuir cr\u00e9ditos ao governo de Jair Bolsonaro. Em meio a divis\u00f5es internas no PSL no Estado, Andr\u00e9 Fernandes est\u00e1 suspenso por 30 dias da legenda.<\/p>\n","protected":false},"excerpt":{"rendered":"<p>O deputado estadual Andr\u00e9 Fernandes volta a se envolver em nova pol\u00eamica. O parlamentar do PSL j\u00e1 responde a processo disciplinar na Assembleia Legislativa do Cear\u00e1, ap\u00f3s acusar injustamente um colega deputado de envolvimento com uma organiza\u00e7\u00e3o criminosa. Se arrependeu, pediu desculpas, mas est\u00e1 pass\u00edvel de sofrer puni\u00e7\u00e3o de afastamento tempor\u00e1rio do mandato pelo Conselho de \u00c9tica da AL. Agora, o caso envolve o governador Camilo Santana, que entrou com representa\u00e7\u00e3o criminal contra o deputado estadual Andr\u00e9 Fernandes. A&hellip;<\/p>\n","protected":false},"author":1,"featured_media":0,"comment_status":"open","ping_status":"open","sticky":false,"template":"","format":"standard","meta":{"footnotes":""},"categories":[1],"tags":[],"class_list":["post-14681","post","type-post","status-publish","format-standard","hentry","category-noticias"],"_links":{"self":[{"href":"https:\/\/blogdorogeriogomes.com.br\/noticias\/wp-json\/wp\/v2\/posts\/14681","targetHints":{"allow":["GET"]}}],"collection":[{"href":"https:\/\/blogdorogeriogomes.com.br\/noticias\/wp-json\/wp\/v2\/posts"}],"about":[{"href":"https:\/\/blogdorogeriogomes.com.br\/noticias\/wp-json\/wp\/v2\/types\/post"}],"author":[{"embeddable":true,"href":"https:\/\/blogdorogeriogomes.com.br\/noticias\/wp-json\/wp\/v2\/users\/1"}],"replies":[{"embeddable":true,"href":"https:\/\/blogdorogeriogomes.com.br\/noticias\/wp-json\/wp\/v2\/comments?post=14681"}],"version-history":[{"count":1,"href":"https:\/\/blogdorogeriogomes.com.br\/noticias\/wp-json\/wp\/v2\/posts\/14681\/revisions"}],"predecessor-version":[{"id":14684,"href":"https:\/\/blogdorogeriogomes.com.br\/noticias\/wp-json\/wp\/v2\/posts\/14681\/revisions\/14684"}],"wp:attachment":[{"href":"https:\/\/blogdorogeriogomes.com.br\/noticias\/wp-json\/wp\/v2\/media?parent=14681"}],"wp:term":[{"taxonomy":"category","embeddable":true,"href":"https:\/\/blogdorogeriogomes.com.br\/noticias\/wp-json\/wp\/v2\/categories?post=14681"},{"taxonomy":"post_tag","embeddable":true,"href":"https:\/\/blogdorogeriogomes.com.br\/noticias\/wp-json\/wp\/v2\/tags?post=14681"}],"curies":[{"name":"wp","href":"https:\/\/api.w.org\/{rel}","templated":true}]}}