{"id":14685,"date":"2019-11-25T21:03:24","date_gmt":"2019-11-25T21:03:24","guid":{"rendered":"http:\/\/blogdorogeriogomes.com.br\/?p=14685"},"modified":"2019-11-25T21:03:24","modified_gmt":"2019-11-25T21:03:24","slug":"prefeitura-da-capital-fara-selecao-publica-para-47-novos-medicos-do-psf-em-dezembro","status":"publish","type":"post","link":"https:\/\/blogdorogeriogomes.com.br\/noticias\/2019\/11\/prefeitura-da-capital-fara-selecao-publica-para-47-novos-medicos-do-psf-em-dezembro\/","title":{"rendered":"Prefeitura da Capital far\u00e1 sele\u00e7\u00e3o p\u00fablica para 47 novos m\u00e9dicos do PSF em dezembro"},"content":{"rendered":"<p><img loading=\"lazy\" decoding=\"async\" class=\"alignnone size-medium wp-image-14687\" src=\"http:\/\/blogdorogeriogomes.com.br\/wp-content\/uploads\/2019\/11\/IMG_20191125_180014_746-300x228.jpg\" alt=\"IMG_20191125_180014_746\" width=\"300\" height=\"228\" srcset=\"https:\/\/blogdorogeriogomes.com.br\/noticias\/wp-content\/uploads\/2019\/11\/IMG_20191125_180014_746-300x228.jpg 300w, https:\/\/blogdorogeriogomes.com.br\/noticias\/wp-content\/uploads\/2019\/11\/IMG_20191125_180014_746.jpg 596w\" sizes=\"auto, (max-width: 300px) 100vw, 300px\" \/><\/p>\n<p>A Prefeitura de Fortaleza far\u00e1 sele\u00e7\u00e3o p\u00fablica para preencher 47 vagas para m\u00e9dicos que v\u00e3o atuar nas Unidades de Aten\u00e7\u00e3o Prim\u00e1ria \u00e0 Sa\u00fade da Secretaria Municipal da Sa\u00fade.<br \/>\nOs interessados podem se inscrever at\u00e9 o dia 4 de dezembro. Os candidatos devem ter gradua\u00e7\u00e3o em Medicina com registro profissional no Conselho Regional de Medicina do Cear\u00e1. A carga hor\u00e1ria \u00e9 de 240 horas por m\u00eas, com sal\u00e1rio de R$ 11.030,27 podendo chegar a R$ 13.236,32 com o adicional de insalubridade. A taxa de inscri\u00e7\u00e3o \u00e9 de R$ 200 reais. A prova ser\u00e1 aplicada no dia 15 de dezembro e o resultado da sele\u00e7\u00e3o ser\u00e1 divulgado no dia 7 de janeiro de 2020.<\/p>\n","protected":false},"excerpt":{"rendered":"<p>A Prefeitura de Fortaleza far\u00e1 sele\u00e7\u00e3o p\u00fablica para preencher 47 vagas para m\u00e9dicos que v\u00e3o atuar nas Unidades de Aten\u00e7\u00e3o Prim\u00e1ria \u00e0 Sa\u00fade da Secretaria Municipal da Sa\u00fade. Os interessados podem se inscrever at\u00e9 o dia 4 de dezembro. Os candidatos devem ter gradua\u00e7\u00e3o em Medicina com registro profissional no Conselho Regional de Medicina do Cear\u00e1. A carga hor\u00e1ria \u00e9 de 240 horas por m\u00eas, com sal\u00e1rio de R$ 11.030,27 podendo chegar a R$ 13.236,32 com o adicional de&hellip;<\/p>\n","protected":false},"author":1,"featured_media":0,"comment_status":"open","ping_status":"open","sticky":false,"template":"","format":"standard","meta":{"footnotes":""},"categories":[1],"tags":[],"class_list":["post-14685","post","type-post","status-publish","format-standard","hentry","category-noticias"],"_links":{"self":[{"href":"https:\/\/blogdorogeriogomes.com.br\/noticias\/wp-json\/wp\/v2\/posts\/14685","targetHints":{"allow":["GET"]}}],"collection":[{"href":"https:\/\/blogdorogeriogomes.com.br\/noticias\/wp-json\/wp\/v2\/posts"}],"about":[{"href":"https:\/\/blogdorogeriogomes.com.br\/noticias\/wp-json\/wp\/v2\/types\/post"}],"author":[{"embeddable":true,"href":"https:\/\/blogdorogeriogomes.com.br\/noticias\/wp-json\/wp\/v2\/users\/1"}],"replies":[{"embeddable":true,"href":"https:\/\/blogdorogeriogomes.com.br\/noticias\/wp-json\/wp\/v2\/comments?post=14685"}],"version-history":[{"count":1,"href":"https:\/\/blogdorogeriogomes.com.br\/noticias\/wp-json\/wp\/v2\/posts\/14685\/revisions"}],"predecessor-version":[{"id":14688,"href":"https:\/\/blogdorogeriogomes.com.br\/noticias\/wp-json\/wp\/v2\/posts\/14685\/revisions\/14688"}],"wp:attachment":[{"href":"https:\/\/blogdorogeriogomes.com.br\/noticias\/wp-json\/wp\/v2\/media?parent=14685"}],"wp:term":[{"taxonomy":"category","embeddable":true,"href":"https:\/\/blogdorogeriogomes.com.br\/noticias\/wp-json\/wp\/v2\/categories?post=14685"},{"taxonomy":"post_tag","embeddable":true,"href":"https:\/\/blogdorogeriogomes.com.br\/noticias\/wp-json\/wp\/v2\/tags?post=14685"}],"curies":[{"name":"wp","href":"https:\/\/api.w.org\/{rel}","templated":true}]}}