{"id":14699,"date":"2019-11-26T21:17:54","date_gmt":"2019-11-26T21:17:54","guid":{"rendered":"http:\/\/blogdorogeriogomes.com.br\/?p=14699"},"modified":"2019-11-26T21:17:54","modified_gmt":"2019-11-26T21:17:54","slug":"discussao-sobre-prisao-em-2a-instancia-na-camara-e-no-senado-vai-ficar-para-2020","status":"publish","type":"post","link":"https:\/\/blogdorogeriogomes.com.br\/noticias\/2019\/11\/discussao-sobre-prisao-em-2a-instancia-na-camara-e-no-senado-vai-ficar-para-2020\/","title":{"rendered":"Discuss\u00e3o sobre pris\u00e3o em 2\u00aa inst\u00e2ncia na C\u00e2mara e no Senado vai ficar para 2020"},"content":{"rendered":"<p><img loading=\"lazy\" decoding=\"async\" class=\"alignnone size-medium wp-image-14701\" src=\"http:\/\/blogdorogeriogomes.com.br\/wp-content\/uploads\/2019\/11\/IMG_20191126_181028_701-300x264.jpg\" alt=\"IMG_20191126_181028_701\" width=\"300\" height=\"264\" srcset=\"https:\/\/blogdorogeriogomes.com.br\/noticias\/wp-content\/uploads\/2019\/11\/IMG_20191126_181028_701-300x264.jpg 300w, https:\/\/blogdorogeriogomes.com.br\/noticias\/wp-content\/uploads\/2019\/11\/IMG_20191126_181028_701.jpg 581w\" sizes=\"auto, (max-width: 300px) 100vw, 300px\" \/><\/p>\n<p>Os presidentes da C\u00e2mara dos Deputados, Rodrigo Maia, e do Senado, Davi Alcolumbre, fecharam um acordo para dar continuidade \u00e0s discuss\u00f5es da proposta de retomar a pris\u00e3o logo ap\u00f3s condena\u00e7\u00e3o em segunda inst\u00e2ncia apenas em 2020. Em uma reuni\u00e3o com a presen\u00e7a do ministro da Justi\u00e7a, Sergio Moro, ficou acordado que o projeto de lei, proposta que tramita mais rapidamente, ficar\u00e1 na geladeira do Senado, que criar\u00e1 uma comiss\u00e3o especial para acompanhar a PEC (proposta de emenda \u00e0 Constitui\u00e7\u00e3o) que tramita na C\u00e2mara.<br \/>\nO Senado vai oficializar a desist\u00eancia do projeto de lei com tramita\u00e7\u00e3o mais r\u00e1pida na pr\u00f3xima semana. A decis\u00e3o de adiar as discuss\u00f5es causou protesto entre os parlamentares lavajatistas, mas os mesmos n\u00e3o t\u00eam maioria para obstruir a vota\u00e7\u00e3o. Enquanto um projeto de lei \u00e9 aprovado por maioria simples, uma PEC precisa de tr\u00eas quintos das duas Casas (308 deputados e 49 senadores) e \u00e9 votada em dois turnos, tanto na C\u00e2mara como no Senado.<\/p>\n","protected":false},"excerpt":{"rendered":"<p>Os presidentes da C\u00e2mara dos Deputados, Rodrigo Maia, e do Senado, Davi Alcolumbre, fecharam um acordo para dar continuidade \u00e0s discuss\u00f5es da proposta de retomar a pris\u00e3o logo ap\u00f3s condena\u00e7\u00e3o em segunda inst\u00e2ncia apenas em 2020. Em uma reuni\u00e3o com a presen\u00e7a do ministro da Justi\u00e7a, Sergio Moro, ficou acordado que o projeto de lei, proposta que tramita mais rapidamente, ficar\u00e1 na geladeira do Senado, que criar\u00e1 uma comiss\u00e3o especial para acompanhar a PEC (proposta de emenda \u00e0 Constitui\u00e7\u00e3o)&hellip;<\/p>\n","protected":false},"author":1,"featured_media":0,"comment_status":"open","ping_status":"open","sticky":false,"template":"","format":"standard","meta":{"footnotes":""},"categories":[1],"tags":[],"class_list":["post-14699","post","type-post","status-publish","format-standard","hentry","category-noticias"],"_links":{"self":[{"href":"https:\/\/blogdorogeriogomes.com.br\/noticias\/wp-json\/wp\/v2\/posts\/14699","targetHints":{"allow":["GET"]}}],"collection":[{"href":"https:\/\/blogdorogeriogomes.com.br\/noticias\/wp-json\/wp\/v2\/posts"}],"about":[{"href":"https:\/\/blogdorogeriogomes.com.br\/noticias\/wp-json\/wp\/v2\/types\/post"}],"author":[{"embeddable":true,"href":"https:\/\/blogdorogeriogomes.com.br\/noticias\/wp-json\/wp\/v2\/users\/1"}],"replies":[{"embeddable":true,"href":"https:\/\/blogdorogeriogomes.com.br\/noticias\/wp-json\/wp\/v2\/comments?post=14699"}],"version-history":[{"count":1,"href":"https:\/\/blogdorogeriogomes.com.br\/noticias\/wp-json\/wp\/v2\/posts\/14699\/revisions"}],"predecessor-version":[{"id":14702,"href":"https:\/\/blogdorogeriogomes.com.br\/noticias\/wp-json\/wp\/v2\/posts\/14699\/revisions\/14702"}],"wp:attachment":[{"href":"https:\/\/blogdorogeriogomes.com.br\/noticias\/wp-json\/wp\/v2\/media?parent=14699"}],"wp:term":[{"taxonomy":"category","embeddable":true,"href":"https:\/\/blogdorogeriogomes.com.br\/noticias\/wp-json\/wp\/v2\/categories?post=14699"},{"taxonomy":"post_tag","embeddable":true,"href":"https:\/\/blogdorogeriogomes.com.br\/noticias\/wp-json\/wp\/v2\/tags?post=14699"}],"curies":[{"name":"wp","href":"https:\/\/api.w.org\/{rel}","templated":true}]}}