{"id":14703,"date":"2019-11-26T23:23:57","date_gmt":"2019-11-26T23:23:57","guid":{"rendered":"http:\/\/blogdorogeriogomes.com.br\/?p=14703"},"modified":"2019-11-26T23:23:57","modified_gmt":"2019-11-26T23:23:57","slug":"governo-do-estado-e-prefeitura-de-fortaleza-pagam-segunda-parcela-do-13-no-dia-20-de-dezembro","status":"publish","type":"post","link":"https:\/\/blogdorogeriogomes.com.br\/noticias\/2019\/11\/governo-do-estado-e-prefeitura-de-fortaleza-pagam-segunda-parcela-do-13-no-dia-20-de-dezembro\/","title":{"rendered":"Governo do Estado e Prefeitura de Fortaleza pagam segunda parcela do 13\u00b0 no dia 20 de dezembro"},"content":{"rendered":"<p><img loading=\"lazy\" decoding=\"async\" class=\"alignnone size-medium wp-image-14705\" src=\"http:\/\/blogdorogeriogomes.com.br\/wp-content\/uploads\/2019\/11\/IMG_20191126_200913_202-300x210.jpg\" alt=\"IMG_20191126_200913_202\" width=\"300\" height=\"210\" srcset=\"https:\/\/blogdorogeriogomes.com.br\/noticias\/wp-content\/uploads\/2019\/11\/IMG_20191126_200913_202-300x210.jpg 300w, https:\/\/blogdorogeriogomes.com.br\/noticias\/wp-content\/uploads\/2019\/11\/IMG_20191126_200913_202.jpg 644w\" sizes=\"auto, (max-width: 300px) 100vw, 300px\" \/><\/p>\n<p>O Governo do Cear\u00e1 e Prefeitura de Fortaleza v\u00e3o pagar a segunda parcela do 13\u00b0 sal\u00e1rio do funcionalismo no dia 20 de dezembro. O governador Camilo Santana anunciou nesta ter\u00e7a-feira, dia 26 de novembro, que ser\u00e3o desembolsados R$ 537 milh\u00f5es de reais pagos a 168 mil servidores, entre ativos, inativos e pensionistas.<br \/>\nO prefeito de Fortaleza, Roberto Cl\u00e1udio, tamb\u00e9m confirmou o pagamento da segunda parcela do 13\u00ba sal\u00e1rio para servidores ativos, aposentados e pensionistas do Munic\u00edpio, quando ir\u00e1 desembolsar o equivalente a 60% da gratifica\u00e7\u00e3o, o que representa a soma de R$ 178,9 milh\u00f5es de reais.<\/p>\n","protected":false},"excerpt":{"rendered":"<p>O Governo do Cear\u00e1 e Prefeitura de Fortaleza v\u00e3o pagar a segunda parcela do 13\u00b0 sal\u00e1rio do funcionalismo no dia 20 de dezembro. O governador Camilo Santana anunciou nesta ter\u00e7a-feira, dia 26 de novembro, que ser\u00e3o desembolsados R$ 537 milh\u00f5es de reais pagos a 168 mil servidores, entre ativos, inativos e pensionistas. O prefeito de Fortaleza, Roberto Cl\u00e1udio, tamb\u00e9m confirmou o pagamento da segunda parcela do 13\u00ba sal\u00e1rio para servidores ativos, aposentados e pensionistas do Munic\u00edpio, quando ir\u00e1 desembolsar&hellip;<\/p>\n","protected":false},"author":1,"featured_media":0,"comment_status":"open","ping_status":"open","sticky":false,"template":"","format":"standard","meta":{"footnotes":""},"categories":[1],"tags":[],"class_list":["post-14703","post","type-post","status-publish","format-standard","hentry","category-noticias"],"_links":{"self":[{"href":"https:\/\/blogdorogeriogomes.com.br\/noticias\/wp-json\/wp\/v2\/posts\/14703","targetHints":{"allow":["GET"]}}],"collection":[{"href":"https:\/\/blogdorogeriogomes.com.br\/noticias\/wp-json\/wp\/v2\/posts"}],"about":[{"href":"https:\/\/blogdorogeriogomes.com.br\/noticias\/wp-json\/wp\/v2\/types\/post"}],"author":[{"embeddable":true,"href":"https:\/\/blogdorogeriogomes.com.br\/noticias\/wp-json\/wp\/v2\/users\/1"}],"replies":[{"embeddable":true,"href":"https:\/\/blogdorogeriogomes.com.br\/noticias\/wp-json\/wp\/v2\/comments?post=14703"}],"version-history":[{"count":1,"href":"https:\/\/blogdorogeriogomes.com.br\/noticias\/wp-json\/wp\/v2\/posts\/14703\/revisions"}],"predecessor-version":[{"id":14706,"href":"https:\/\/blogdorogeriogomes.com.br\/noticias\/wp-json\/wp\/v2\/posts\/14703\/revisions\/14706"}],"wp:attachment":[{"href":"https:\/\/blogdorogeriogomes.com.br\/noticias\/wp-json\/wp\/v2\/media?parent=14703"}],"wp:term":[{"taxonomy":"category","embeddable":true,"href":"https:\/\/blogdorogeriogomes.com.br\/noticias\/wp-json\/wp\/v2\/categories?post=14703"},{"taxonomy":"post_tag","embeddable":true,"href":"https:\/\/blogdorogeriogomes.com.br\/noticias\/wp-json\/wp\/v2\/tags?post=14703"}],"curies":[{"name":"wp","href":"https:\/\/api.w.org\/{rel}","templated":true}]}}