{"id":14707,"date":"2019-11-27T08:47:43","date_gmt":"2019-11-27T08:47:43","guid":{"rendered":"http:\/\/blogdorogeriogomes.com.br\/?p=14707"},"modified":"2019-11-27T08:47:43","modified_gmt":"2019-11-27T08:47:43","slug":"camara-municipal-aprova-projeto-que-determina-uso-de-energia-solar-em-escolas-e-postos-de-saude-de-fortaleza","status":"publish","type":"post","link":"https:\/\/blogdorogeriogomes.com.br\/noticias\/2019\/11\/camara-municipal-aprova-projeto-que-determina-uso-de-energia-solar-em-escolas-e-postos-de-saude-de-fortaleza\/","title":{"rendered":"C\u00e2mara Municipal aprova projeto que determina uso de energia solar em escolas e postos de sa\u00fade de Fortaleza"},"content":{"rendered":"<p><img loading=\"lazy\" decoding=\"async\" class=\"alignnone size-medium wp-image-14709\" src=\"http:\/\/blogdorogeriogomes.com.br\/wp-content\/uploads\/2019\/11\/IMG_20191127_053759_490-300x257.jpg\" alt=\"IMG_20191127_053759_490\" width=\"300\" height=\"257\" srcset=\"https:\/\/blogdorogeriogomes.com.br\/noticias\/wp-content\/uploads\/2019\/11\/IMG_20191127_053759_490-300x257.jpg 300w, https:\/\/blogdorogeriogomes.com.br\/noticias\/wp-content\/uploads\/2019\/11\/IMG_20191127_053759_490-768x659.jpg 768w, https:\/\/blogdorogeriogomes.com.br\/noticias\/wp-content\/uploads\/2019\/11\/IMG_20191127_053759_490-1024x879.jpg 1024w\" sizes=\"auto, (max-width: 300px) 100vw, 300px\" \/><\/p>\n<p>A C\u00e2mara Municipal de Fortaleza aprovou, nesta ter\u00e7a-feira, dia 26 de novembro, um projeto de lei do Executivo que determina que a energia utilizada em escolas e unidades de sa\u00fade da rede municipal de Fortaleza deve passar a ser captada a partir de pain\u00e9is solares. A previs\u00e3o \u00e9 de uma economia de 10% em rela\u00e7\u00e3o ao valor gasto, atualmente, com as redes el\u00e9tricas tanto na Sa\u00fade como na Educa\u00e7\u00e3o que chega a R$ 14 milh\u00f5es de reais, a cada ano.<br \/>\nA implementa\u00e7\u00e3o do projeto deve se dar atrav\u00e9s de Parcerias P\u00fablico Privadas (PPPs). O edital destinado \u00e0s escolas deve ser lan\u00e7ado em janeiro de 2020, enquanto o para as unidades de sa\u00fade apenas em fevereiro. O prazo de vig\u00eancia do contrato ser\u00e1 de 25 anos.<\/p>\n","protected":false},"excerpt":{"rendered":"<p>A C\u00e2mara Municipal de Fortaleza aprovou, nesta ter\u00e7a-feira, dia 26 de novembro, um projeto de lei do Executivo que determina que a energia utilizada em escolas e unidades de sa\u00fade da rede municipal de Fortaleza deve passar a ser captada a partir de pain\u00e9is solares. A previs\u00e3o \u00e9 de uma economia de 10% em rela\u00e7\u00e3o ao valor gasto, atualmente, com as redes el\u00e9tricas tanto na Sa\u00fade como na Educa\u00e7\u00e3o que chega a R$ 14 milh\u00f5es de reais, a cada&hellip;<\/p>\n","protected":false},"author":1,"featured_media":0,"comment_status":"open","ping_status":"open","sticky":false,"template":"","format":"standard","meta":{"footnotes":""},"categories":[1],"tags":[],"class_list":["post-14707","post","type-post","status-publish","format-standard","hentry","category-noticias"],"_links":{"self":[{"href":"https:\/\/blogdorogeriogomes.com.br\/noticias\/wp-json\/wp\/v2\/posts\/14707","targetHints":{"allow":["GET"]}}],"collection":[{"href":"https:\/\/blogdorogeriogomes.com.br\/noticias\/wp-json\/wp\/v2\/posts"}],"about":[{"href":"https:\/\/blogdorogeriogomes.com.br\/noticias\/wp-json\/wp\/v2\/types\/post"}],"author":[{"embeddable":true,"href":"https:\/\/blogdorogeriogomes.com.br\/noticias\/wp-json\/wp\/v2\/users\/1"}],"replies":[{"embeddable":true,"href":"https:\/\/blogdorogeriogomes.com.br\/noticias\/wp-json\/wp\/v2\/comments?post=14707"}],"version-history":[{"count":1,"href":"https:\/\/blogdorogeriogomes.com.br\/noticias\/wp-json\/wp\/v2\/posts\/14707\/revisions"}],"predecessor-version":[{"id":14710,"href":"https:\/\/blogdorogeriogomes.com.br\/noticias\/wp-json\/wp\/v2\/posts\/14707\/revisions\/14710"}],"wp:attachment":[{"href":"https:\/\/blogdorogeriogomes.com.br\/noticias\/wp-json\/wp\/v2\/media?parent=14707"}],"wp:term":[{"taxonomy":"category","embeddable":true,"href":"https:\/\/blogdorogeriogomes.com.br\/noticias\/wp-json\/wp\/v2\/categories?post=14707"},{"taxonomy":"post_tag","embeddable":true,"href":"https:\/\/blogdorogeriogomes.com.br\/noticias\/wp-json\/wp\/v2\/tags?post=14707"}],"curies":[{"name":"wp","href":"https:\/\/api.w.org\/{rel}","templated":true}]}}