{"id":14711,"date":"2019-11-27T20:49:10","date_gmt":"2019-11-27T20:49:10","guid":{"rendered":"http:\/\/blogdorogeriogomes.com.br\/?p=14711"},"modified":"2019-11-27T20:49:10","modified_gmt":"2019-11-27T20:49:10","slug":"areninha-do-antonio-bezerra-e-inaugurada-em-parceria-do-governo-do-estado-e-prefeitura","status":"publish","type":"post","link":"https:\/\/blogdorogeriogomes.com.br\/noticias\/2019\/11\/areninha-do-antonio-bezerra-e-inaugurada-em-parceria-do-governo-do-estado-e-prefeitura\/","title":{"rendered":"Areninha do Ant\u00f4nio Bezerra \u00e9 inaugurada em parceria do Governo do Estado e Prefeitura"},"content":{"rendered":"<p><img loading=\"lazy\" decoding=\"async\" class=\"alignnone size-medium wp-image-14712\" src=\"http:\/\/blogdorogeriogomes.com.br\/wp-content\/uploads\/2019\/11\/IMG_20191127_174416_515-300x178.jpg\" alt=\"IMG_20191127_174416_515\" width=\"300\" height=\"178\" srcset=\"https:\/\/blogdorogeriogomes.com.br\/noticias\/wp-content\/uploads\/2019\/11\/IMG_20191127_174416_515-300x178.jpg 300w, https:\/\/blogdorogeriogomes.com.br\/noticias\/wp-content\/uploads\/2019\/11\/IMG_20191127_174416_515-768x454.jpg 768w, https:\/\/blogdorogeriogomes.com.br\/noticias\/wp-content\/uploads\/2019\/11\/IMG_20191127_174416_515-1024x606.jpg 1024w\" sizes=\"auto, (max-width: 300px) 100vw, 300px\" \/><\/p>\n<p>A Areninha Antony Costa, no bairro Ant\u00f4nio Bezerra, em Fortaleza, foi entregue nesta quarta-feira, dia 27 de novembro. O equipamento \u00e9 considerado a maior areninha j\u00e1 inaugurada no Cear\u00e1.<br \/>\nA obra \u00e9 uma parceria do projeto Juntos por Fortaleza, entre Governo do Estado do Cear\u00e1 e Prefeitura de Fortaleza.<br \/>\nCom a inaugura\u00e7\u00e3o do novo espa\u00e7o de lazer e esporte, a Capital passa a contar com 36 areninhas. Al\u00e9m de Fortaleza, outras 75 areninhas j\u00e1 foram inauguradas no interior do estado.<br \/>\nCom o investimento de R$ 1 milh\u00e3o e 638 mil reais, o espa\u00e7o conta com campo, arquibancada, mureta e alambrado, al\u00e9m de piso podot\u00e1til, nova ilumina\u00e7\u00e3o e lixeiras.<\/p>\n","protected":false},"excerpt":{"rendered":"<p>A Areninha Antony Costa, no bairro Ant\u00f4nio Bezerra, em Fortaleza, foi entregue nesta quarta-feira, dia 27 de novembro. O equipamento \u00e9 considerado a maior areninha j\u00e1 inaugurada no Cear\u00e1. A obra \u00e9 uma parceria do projeto Juntos por Fortaleza, entre Governo do Estado do Cear\u00e1 e Prefeitura de Fortaleza. Com a inaugura\u00e7\u00e3o do novo espa\u00e7o de lazer e esporte, a Capital passa a contar com 36 areninhas. Al\u00e9m de Fortaleza, outras 75 areninhas j\u00e1 foram inauguradas no interior do&hellip;<\/p>\n","protected":false},"author":1,"featured_media":0,"comment_status":"open","ping_status":"open","sticky":false,"template":"","format":"standard","meta":{"footnotes":""},"categories":[1],"tags":[],"class_list":["post-14711","post","type-post","status-publish","format-standard","hentry","category-noticias"],"_links":{"self":[{"href":"https:\/\/blogdorogeriogomes.com.br\/noticias\/wp-json\/wp\/v2\/posts\/14711","targetHints":{"allow":["GET"]}}],"collection":[{"href":"https:\/\/blogdorogeriogomes.com.br\/noticias\/wp-json\/wp\/v2\/posts"}],"about":[{"href":"https:\/\/blogdorogeriogomes.com.br\/noticias\/wp-json\/wp\/v2\/types\/post"}],"author":[{"embeddable":true,"href":"https:\/\/blogdorogeriogomes.com.br\/noticias\/wp-json\/wp\/v2\/users\/1"}],"replies":[{"embeddable":true,"href":"https:\/\/blogdorogeriogomes.com.br\/noticias\/wp-json\/wp\/v2\/comments?post=14711"}],"version-history":[{"count":1,"href":"https:\/\/blogdorogeriogomes.com.br\/noticias\/wp-json\/wp\/v2\/posts\/14711\/revisions"}],"predecessor-version":[{"id":14713,"href":"https:\/\/blogdorogeriogomes.com.br\/noticias\/wp-json\/wp\/v2\/posts\/14711\/revisions\/14713"}],"wp:attachment":[{"href":"https:\/\/blogdorogeriogomes.com.br\/noticias\/wp-json\/wp\/v2\/media?parent=14711"}],"wp:term":[{"taxonomy":"category","embeddable":true,"href":"https:\/\/blogdorogeriogomes.com.br\/noticias\/wp-json\/wp\/v2\/categories?post=14711"},{"taxonomy":"post_tag","embeddable":true,"href":"https:\/\/blogdorogeriogomes.com.br\/noticias\/wp-json\/wp\/v2\/tags?post=14711"}],"curies":[{"name":"wp","href":"https:\/\/api.w.org\/{rel}","templated":true}]}}