{"id":14714,"date":"2019-11-27T22:11:06","date_gmt":"2019-11-27T22:11:06","guid":{"rendered":"http:\/\/blogdorogeriogomes.com.br\/?p=14714"},"modified":"2019-11-27T22:11:06","modified_gmt":"2019-11-27T22:11:06","slug":"trf-4-decide-ampliar-pena-de-lula-no-caso-do-sitio-de-atibaia-mas-ex-presidente-continuara-em-liberdade","status":"publish","type":"post","link":"https:\/\/blogdorogeriogomes.com.br\/noticias\/2019\/11\/trf-4-decide-ampliar-pena-de-lula-no-caso-do-sitio-de-atibaia-mas-ex-presidente-continuara-em-liberdade\/","title":{"rendered":"TRF-4 decide ampliar pena de Lula no caso do s\u00edtio de Atibaia, mas ex-presidente continuar\u00e1 em liberdade"},"content":{"rendered":"<p><img loading=\"lazy\" decoding=\"async\" class=\"alignnone size-medium wp-image-14716\" src=\"http:\/\/blogdorogeriogomes.com.br\/wp-content\/uploads\/2019\/11\/IMG_20191127_190532_915-300x157.jpg\" alt=\"IMG_20191127_190532_915\" width=\"300\" height=\"157\" srcset=\"https:\/\/blogdorogeriogomes.com.br\/noticias\/wp-content\/uploads\/2019\/11\/IMG_20191127_190532_915-300x157.jpg 300w, https:\/\/blogdorogeriogomes.com.br\/noticias\/wp-content\/uploads\/2019\/11\/IMG_20191127_190532_915-768x402.jpg 768w, https:\/\/blogdorogeriogomes.com.br\/noticias\/wp-content\/uploads\/2019\/11\/IMG_20191127_190532_915.jpg 978w\" sizes=\"auto, (max-width: 300px) 100vw, 300px\" \/><\/p>\n<p>A 8\u00aa Turma do Tribunal Regional Federal da 4\u00aa Regi\u00e3o decidiu ampliar a pena do ex-presidente Lula no caso do s\u00edtio de Atibaia para 17 anos, 1 m\u00eas e 10 dias em regime fechado. Na primeira inst\u00e2ncia, a pena estipulada havia sido de 12 anos e 11 meses de pris\u00e3o.<br \/>\nOs tr\u00eas desembargadores que formam a 8\u00aa Turma do TRF-4, Jo\u00e3o Pedro Gebran Neto, Leandro Paulsen e Thompson Flores votaram por manter a senten\u00e7a da ju\u00edza Gabriela Hardt.<br \/>\nApesar da condena\u00e7\u00e3o em segunda inst\u00e2ncia, Lula n\u00e3o voltar\u00e1 a ser preso. Isso porque o Supremo Tribunal Federal proibiu a pris\u00e3o ap\u00f3s condena\u00e7\u00e3o em segunda inst\u00e2ncia.<br \/>\nPor conta da decis\u00e3o do STF, as penas s\u00f3 poder\u00e3o ser executadas ap\u00f3s o esgotamento de todos os recursos poss\u00edveis.<br \/>\nO detalhe \u00e9 que os desembargadores n\u00e3o levaram em conta uma decis\u00e3o recente do STF de que delatados, como Lula, devem ser ouvidos ap\u00f3s os delatores. Como o ex-presidente n\u00e3o teve esse direito, havia a expectativa de que o processo fosse devolvido \u00e0 primeira inst\u00e2ncia.<br \/>\nPara a defesa de Lula, a segunda inst\u00e2ncia &#8220;afrontou&#8221; posi\u00e7\u00f5es do STF. N\u00e3o levou em conta nem a tese do &#8220;copia e cola&#8221; da ju\u00edza Gabriela Hardt, que condenou Lula na a\u00e7\u00e3o do s\u00edtio na primeira inst\u00e2ncia. H\u00e1 algumas semanas, o TRF-4 anulou uma senten\u00e7a da ju\u00edza usando como um dos argumentos o fato de ela n\u00e3o ter desenvolvido uma tese sobre a condena\u00e7\u00e3o em um processo fora da Lava Jato. Assim, os advogados do ex-presidente apostam no julgamento da suspei\u00e7\u00e3o do ex-juiz e hoje ministro da Justi\u00e7a, Sergio Moro, para anular a\u00e7\u00f5es criminais contra o petista. O caso ainda ser\u00e1 julgado pelos ministros do Supremo Tribunal Federal.<\/p>\n","protected":false},"excerpt":{"rendered":"<p>A 8\u00aa Turma do Tribunal Regional Federal da 4\u00aa Regi\u00e3o decidiu ampliar a pena do ex-presidente Lula no caso do s\u00edtio de Atibaia para 17 anos, 1 m\u00eas e 10 dias em regime fechado. Na primeira inst\u00e2ncia, a pena estipulada havia sido de 12 anos e 11 meses de pris\u00e3o. Os tr\u00eas desembargadores que formam a 8\u00aa Turma do TRF-4, Jo\u00e3o Pedro Gebran Neto, Leandro Paulsen e Thompson Flores votaram por manter a senten\u00e7a da ju\u00edza Gabriela Hardt. Apesar&hellip;<\/p>\n","protected":false},"author":1,"featured_media":0,"comment_status":"open","ping_status":"open","sticky":false,"template":"","format":"standard","meta":{"footnotes":""},"categories":[1],"tags":[],"class_list":["post-14714","post","type-post","status-publish","format-standard","hentry","category-noticias"],"_links":{"self":[{"href":"https:\/\/blogdorogeriogomes.com.br\/noticias\/wp-json\/wp\/v2\/posts\/14714","targetHints":{"allow":["GET"]}}],"collection":[{"href":"https:\/\/blogdorogeriogomes.com.br\/noticias\/wp-json\/wp\/v2\/posts"}],"about":[{"href":"https:\/\/blogdorogeriogomes.com.br\/noticias\/wp-json\/wp\/v2\/types\/post"}],"author":[{"embeddable":true,"href":"https:\/\/blogdorogeriogomes.com.br\/noticias\/wp-json\/wp\/v2\/users\/1"}],"replies":[{"embeddable":true,"href":"https:\/\/blogdorogeriogomes.com.br\/noticias\/wp-json\/wp\/v2\/comments?post=14714"}],"version-history":[{"count":1,"href":"https:\/\/blogdorogeriogomes.com.br\/noticias\/wp-json\/wp\/v2\/posts\/14714\/revisions"}],"predecessor-version":[{"id":14717,"href":"https:\/\/blogdorogeriogomes.com.br\/noticias\/wp-json\/wp\/v2\/posts\/14714\/revisions\/14717"}],"wp:attachment":[{"href":"https:\/\/blogdorogeriogomes.com.br\/noticias\/wp-json\/wp\/v2\/media?parent=14714"}],"wp:term":[{"taxonomy":"category","embeddable":true,"href":"https:\/\/blogdorogeriogomes.com.br\/noticias\/wp-json\/wp\/v2\/categories?post=14714"},{"taxonomy":"post_tag","embeddable":true,"href":"https:\/\/blogdorogeriogomes.com.br\/noticias\/wp-json\/wp\/v2\/tags?post=14714"}],"curies":[{"name":"wp","href":"https:\/\/api.w.org\/{rel}","templated":true}]}}