{"id":14718,"date":"2019-11-28T08:33:33","date_gmt":"2019-11-28T08:33:33","guid":{"rendered":"http:\/\/blogdorogeriogomes.com.br\/?p=14718"},"modified":"2019-11-30T21:59:31","modified_gmt":"2019-11-30T21:59:31","slug":"deputado-estadual-andre-fernandes-pode-ser-suspenso-por-30-dias-das-atividades-legislativas","status":"publish","type":"post","link":"https:\/\/blogdorogeriogomes.com.br\/noticias\/2019\/11\/deputado-estadual-andre-fernandes-pode-ser-suspenso-por-30-dias-das-atividades-legislativas\/","title":{"rendered":"Deputado estadual Andr\u00e9 Fernandes pode ser suspenso por 30 dias das atividades legislativas"},"content":{"rendered":"<p><img loading=\"lazy\" decoding=\"async\" class=\"alignnone size-medium wp-image-14719\" src=\"http:\/\/blogdorogeriogomes.com.br\/wp-content\/uploads\/2019\/11\/IMG_20191128_052735_350-300x300.jpg\" alt=\"IMG_20191128_052735_350\" width=\"300\" height=\"300\" srcset=\"https:\/\/blogdorogeriogomes.com.br\/noticias\/wp-content\/uploads\/2019\/11\/IMG_20191128_052735_350-300x300.jpg 300w, https:\/\/blogdorogeriogomes.com.br\/noticias\/wp-content\/uploads\/2019\/11\/IMG_20191128_052735_350-150x150.jpg 150w, https:\/\/blogdorogeriogomes.com.br\/noticias\/wp-content\/uploads\/2019\/11\/IMG_20191128_052735_350.jpg 480w\" sizes=\"auto, (max-width: 300px) 100vw, 300px\" \/><\/p>\n<p>O deputado estadual Andr\u00e9 Fernandes, do PSL, pode ser suspenso por 30 dias das suas atividades na Assembleia Legislativa do Cear\u00e1. Esta \u00e9 a puni\u00e7\u00e3o escolhida pelo Subconselho de \u00c9tica da AL, que aprovou o relat\u00f3rio da deputada estadual Augusta Brito (PCdoB). Agora, o relat\u00f3rio seguir\u00e1 para o Conselho de \u00c9tica. Se este colegiado votar pelo prosseguimento do processo, o presidente da Casa, Jos\u00e9 Sarto (PDT), levar\u00e1 a proposta para aprecia\u00e7\u00e3o de todos os parlamentares em plen\u00e1rio. A expectativa \u00e9 que a suspens\u00e3o de Andr\u00e9 Fernandes seja votada ainda este ano.<br \/>\nO deputado do PSL foi denunciado ao Conselho de \u00c9tica porque afirmou, na tribuna da AL, receber den\u00fancias de que colegas deputados estariam envolvidos com fac\u00e7\u00f5es criminosas. Apontou o nome do deputado estadual Netinho Farias, do PDT, ao Minist\u00e9rio P\u00fablico, mas n\u00e3o apresentou nenhuma prova.<\/p>\n","protected":false},"excerpt":{"rendered":"<p>O deputado estadual Andr\u00e9 Fernandes, do PSL, pode ser suspenso por 30 dias das suas atividades na Assembleia Legislativa do Cear\u00e1. Esta \u00e9 a puni\u00e7\u00e3o escolhida pelo Subconselho de \u00c9tica da AL, que aprovou o relat\u00f3rio da deputada estadual Augusta Brito (PCdoB). Agora, o relat\u00f3rio seguir\u00e1 para o Conselho de \u00c9tica. Se este colegiado votar pelo prosseguimento do processo, o presidente da Casa, Jos\u00e9 Sarto (PDT), levar\u00e1 a proposta para aprecia\u00e7\u00e3o de todos os parlamentares em plen\u00e1rio. A expectativa&hellip;<\/p>\n","protected":false},"author":1,"featured_media":14719,"comment_status":"open","ping_status":"open","sticky":false,"template":"","format":"standard","meta":{"footnotes":""},"categories":[1],"tags":[],"class_list":["post-14718","post","type-post","status-publish","format-standard","has-post-thumbnail","hentry","category-noticias"],"_links":{"self":[{"href":"https:\/\/blogdorogeriogomes.com.br\/noticias\/wp-json\/wp\/v2\/posts\/14718","targetHints":{"allow":["GET"]}}],"collection":[{"href":"https:\/\/blogdorogeriogomes.com.br\/noticias\/wp-json\/wp\/v2\/posts"}],"about":[{"href":"https:\/\/blogdorogeriogomes.com.br\/noticias\/wp-json\/wp\/v2\/types\/post"}],"author":[{"embeddable":true,"href":"https:\/\/blogdorogeriogomes.com.br\/noticias\/wp-json\/wp\/v2\/users\/1"}],"replies":[{"embeddable":true,"href":"https:\/\/blogdorogeriogomes.com.br\/noticias\/wp-json\/wp\/v2\/comments?post=14718"}],"version-history":[{"count":2,"href":"https:\/\/blogdorogeriogomes.com.br\/noticias\/wp-json\/wp\/v2\/posts\/14718\/revisions"}],"predecessor-version":[{"id":14834,"href":"https:\/\/blogdorogeriogomes.com.br\/noticias\/wp-json\/wp\/v2\/posts\/14718\/revisions\/14834"}],"wp:featuredmedia":[{"embeddable":true,"href":"https:\/\/blogdorogeriogomes.com.br\/noticias\/wp-json\/wp\/v2\/media\/14719"}],"wp:attachment":[{"href":"https:\/\/blogdorogeriogomes.com.br\/noticias\/wp-json\/wp\/v2\/media?parent=14718"}],"wp:term":[{"taxonomy":"category","embeddable":true,"href":"https:\/\/blogdorogeriogomes.com.br\/noticias\/wp-json\/wp\/v2\/categories?post=14718"},{"taxonomy":"post_tag","embeddable":true,"href":"https:\/\/blogdorogeriogomes.com.br\/noticias\/wp-json\/wp\/v2\/tags?post=14718"}],"curies":[{"name":"wp","href":"https:\/\/api.w.org\/{rel}","templated":true}]}}