{"id":14724,"date":"2019-11-28T20:08:40","date_gmt":"2019-11-28T20:08:40","guid":{"rendered":"http:\/\/blogdorogeriogomes.com.br\/?p=14724"},"modified":"2019-11-30T21:58:38","modified_gmt":"2019-11-30T21:58:38","slug":"novos-agentes-penitenciarios-do-ceara-sao-empossados-nesta-sexta-feira","status":"publish","type":"post","link":"https:\/\/blogdorogeriogomes.com.br\/noticias\/2019\/11\/novos-agentes-penitenciarios-do-ceara-sao-empossados-nesta-sexta-feira\/","title":{"rendered":"Novos agentes penitenci\u00e1rios do Cear\u00e1 s\u00e3o empossados nesta sexta-feira"},"content":{"rendered":"<p><img loading=\"lazy\" decoding=\"async\" class=\"alignnone size-medium wp-image-14726\" src=\"http:\/\/blogdorogeriogomes.com.br\/wp-content\/uploads\/2019\/11\/IMG_20191128_165916_930-300x177.jpg\" alt=\"IMG_20191128_165916_930\" width=\"300\" height=\"177\" srcset=\"https:\/\/blogdorogeriogomes.com.br\/noticias\/wp-content\/uploads\/2019\/11\/IMG_20191128_165916_930-300x177.jpg 300w, https:\/\/blogdorogeriogomes.com.br\/noticias\/wp-content\/uploads\/2019\/11\/IMG_20191128_165916_930.jpg 680w\" sizes=\"auto, (max-width: 300px) 100vw, 300px\" \/><\/p>\n<p>A Secretaria de Administra\u00e7\u00e3o Penitenci\u00e1ria do Cear\u00e1 d\u00e1 posse, nesta sexta-feira, dia 29 de novembro, em solenidade no Pal\u00e1cio da Aboli\u00e7\u00e3o, a 65 dos 192 agentes penitenci\u00e1rios convocados no in\u00edcio deste m\u00eas pelo governador Camilo Santana.<br \/>\nOs novos agentes v\u00e3o suprir o contingente utilizado nas atuais unidades penitenci\u00e1rias da Regi\u00e3o Metropolitana de Fortaleza, mas tamb\u00e9m devem ser distribu\u00eddos em novos pres\u00eddios que est\u00e3o em constru\u00e7\u00e3o no Cear\u00e1, mas que ainda ser\u00e3o entregues e inaugurados pelo Governo do Estado.<\/p>\n","protected":false},"excerpt":{"rendered":"<p>A Secretaria de Administra\u00e7\u00e3o Penitenci\u00e1ria do Cear\u00e1 d\u00e1 posse, nesta sexta-feira, dia 29 de novembro, em solenidade no Pal\u00e1cio da Aboli\u00e7\u00e3o, a 65 dos 192 agentes penitenci\u00e1rios convocados no in\u00edcio deste m\u00eas pelo governador Camilo Santana. Os novos agentes v\u00e3o suprir o contingente utilizado nas atuais unidades penitenci\u00e1rias da Regi\u00e3o Metropolitana de Fortaleza, mas tamb\u00e9m devem ser distribu\u00eddos em novos pres\u00eddios que est\u00e3o em constru\u00e7\u00e3o no Cear\u00e1, mas que ainda ser\u00e3o entregues e inaugurados pelo Governo do Estado.<\/p>\n","protected":false},"author":1,"featured_media":14726,"comment_status":"open","ping_status":"open","sticky":false,"template":"","format":"standard","meta":{"footnotes":""},"categories":[1],"tags":[],"class_list":["post-14724","post","type-post","status-publish","format-standard","has-post-thumbnail","hentry","category-noticias"],"_links":{"self":[{"href":"https:\/\/blogdorogeriogomes.com.br\/noticias\/wp-json\/wp\/v2\/posts\/14724","targetHints":{"allow":["GET"]}}],"collection":[{"href":"https:\/\/blogdorogeriogomes.com.br\/noticias\/wp-json\/wp\/v2\/posts"}],"about":[{"href":"https:\/\/blogdorogeriogomes.com.br\/noticias\/wp-json\/wp\/v2\/types\/post"}],"author":[{"embeddable":true,"href":"https:\/\/blogdorogeriogomes.com.br\/noticias\/wp-json\/wp\/v2\/users\/1"}],"replies":[{"embeddable":true,"href":"https:\/\/blogdorogeriogomes.com.br\/noticias\/wp-json\/wp\/v2\/comments?post=14724"}],"version-history":[{"count":2,"href":"https:\/\/blogdorogeriogomes.com.br\/noticias\/wp-json\/wp\/v2\/posts\/14724\/revisions"}],"predecessor-version":[{"id":14832,"href":"https:\/\/blogdorogeriogomes.com.br\/noticias\/wp-json\/wp\/v2\/posts\/14724\/revisions\/14832"}],"wp:featuredmedia":[{"embeddable":true,"href":"https:\/\/blogdorogeriogomes.com.br\/noticias\/wp-json\/wp\/v2\/media\/14726"}],"wp:attachment":[{"href":"https:\/\/blogdorogeriogomes.com.br\/noticias\/wp-json\/wp\/v2\/media?parent=14724"}],"wp:term":[{"taxonomy":"category","embeddable":true,"href":"https:\/\/blogdorogeriogomes.com.br\/noticias\/wp-json\/wp\/v2\/categories?post=14724"},{"taxonomy":"post_tag","embeddable":true,"href":"https:\/\/blogdorogeriogomes.com.br\/noticias\/wp-json\/wp\/v2\/tags?post=14724"}],"curies":[{"name":"wp","href":"https:\/\/api.w.org\/{rel}","templated":true}]}}