{"id":14732,"date":"2019-11-29T08:33:58","date_gmt":"2019-11-29T08:33:58","guid":{"rendered":"http:\/\/blogdorogeriogomes.com.br\/?p=14732"},"modified":"2019-11-30T21:57:42","modified_gmt":"2019-11-30T21:57:42","slug":"cdl-amplia-funcionamento-das-lojas-aos-domingos-durante-o-mes-de-dezembro","status":"publish","type":"post","link":"https:\/\/blogdorogeriogomes.com.br\/noticias\/2019\/11\/cdl-amplia-funcionamento-das-lojas-aos-domingos-durante-o-mes-de-dezembro\/","title":{"rendered":"CDL amplia funcionamento das lojas aos domingos durante o m\u00eas de dezembro"},"content":{"rendered":"<p><img loading=\"lazy\" decoding=\"async\" class=\"alignnone size-medium wp-image-14734\" src=\"http:\/\/blogdorogeriogomes.com.br\/wp-content\/uploads\/2019\/11\/IMG_20191129_053059_309-300x211.jpg\" alt=\"IMG_20191129_053059_309\" width=\"300\" height=\"211\" srcset=\"https:\/\/blogdorogeriogomes.com.br\/noticias\/wp-content\/uploads\/2019\/11\/IMG_20191129_053059_309-300x211.jpg 300w, https:\/\/blogdorogeriogomes.com.br\/noticias\/wp-content\/uploads\/2019\/11\/IMG_20191129_053059_309.jpg 644w\" sizes=\"auto, (max-width: 300px) 100vw, 300px\" \/><\/p>\n<p>As lojas do Centro de Fortaleza ter\u00e3o funcionamento em hor\u00e1rio especial aos domingos por causa das vendas de Natal e do R\u00e9veillon. A C\u00e2mara de Dirigentes Lojistas aposta no aumento do faturamento do com\u00e9rcio.<br \/>\nAssim, as lojas devem abrir entre 8 e 9 horas e fechar entre 15 e 16 horas, j\u00e1 a partir deste domingo, dia 1\u00b0 de dezembro, de acordo com a CDL de Fortaleza.<br \/>\nNos \u00faltimos domingos de dezembro (dias 22 e 29), haver\u00e1 uma outra amplia\u00e7\u00e3o no hor\u00e1rio de funcionamento das lojas do Centro, que devem fechar mais tarde, \u00e0s 18 horas, para atender \u00e0s demandas dos clientes em busca da compra de presentes.<\/p>\n","protected":false},"excerpt":{"rendered":"<p>As lojas do Centro de Fortaleza ter\u00e3o funcionamento em hor\u00e1rio especial aos domingos por causa das vendas de Natal e do R\u00e9veillon. A C\u00e2mara de Dirigentes Lojistas aposta no aumento do faturamento do com\u00e9rcio. Assim, as lojas devem abrir entre 8 e 9 horas e fechar entre 15 e 16 horas, j\u00e1 a partir deste domingo, dia 1\u00b0 de dezembro, de acordo com a CDL de Fortaleza. Nos \u00faltimos domingos de dezembro (dias 22 e 29), haver\u00e1 uma outra&hellip;<\/p>\n","protected":false},"author":1,"featured_media":14734,"comment_status":"open","ping_status":"open","sticky":false,"template":"","format":"standard","meta":{"footnotes":""},"categories":[1],"tags":[],"class_list":["post-14732","post","type-post","status-publish","format-standard","has-post-thumbnail","hentry","category-noticias"],"_links":{"self":[{"href":"https:\/\/blogdorogeriogomes.com.br\/noticias\/wp-json\/wp\/v2\/posts\/14732","targetHints":{"allow":["GET"]}}],"collection":[{"href":"https:\/\/blogdorogeriogomes.com.br\/noticias\/wp-json\/wp\/v2\/posts"}],"about":[{"href":"https:\/\/blogdorogeriogomes.com.br\/noticias\/wp-json\/wp\/v2\/types\/post"}],"author":[{"embeddable":true,"href":"https:\/\/blogdorogeriogomes.com.br\/noticias\/wp-json\/wp\/v2\/users\/1"}],"replies":[{"embeddable":true,"href":"https:\/\/blogdorogeriogomes.com.br\/noticias\/wp-json\/wp\/v2\/comments?post=14732"}],"version-history":[{"count":2,"href":"https:\/\/blogdorogeriogomes.com.br\/noticias\/wp-json\/wp\/v2\/posts\/14732\/revisions"}],"predecessor-version":[{"id":14830,"href":"https:\/\/blogdorogeriogomes.com.br\/noticias\/wp-json\/wp\/v2\/posts\/14732\/revisions\/14830"}],"wp:featuredmedia":[{"embeddable":true,"href":"https:\/\/blogdorogeriogomes.com.br\/noticias\/wp-json\/wp\/v2\/media\/14734"}],"wp:attachment":[{"href":"https:\/\/blogdorogeriogomes.com.br\/noticias\/wp-json\/wp\/v2\/media?parent=14732"}],"wp:term":[{"taxonomy":"category","embeddable":true,"href":"https:\/\/blogdorogeriogomes.com.br\/noticias\/wp-json\/wp\/v2\/categories?post=14732"},{"taxonomy":"post_tag","embeddable":true,"href":"https:\/\/blogdorogeriogomes.com.br\/noticias\/wp-json\/wp\/v2\/tags?post=14732"}],"curies":[{"name":"wp","href":"https:\/\/api.w.org\/{rel}","templated":true}]}}