{"id":14740,"date":"2019-11-29T21:08:07","date_gmt":"2019-11-29T21:08:07","guid":{"rendered":"http:\/\/blogdorogeriogomes.com.br\/?p=14740"},"modified":"2019-11-30T21:57:07","modified_gmt":"2019-11-30T21:57:07","slug":"frente-parlamentar-em-defesa-do-novo-fundeb-vai-reunir-deputados-estaduais-e-vereadores-de-fortaleza","status":"publish","type":"post","link":"https:\/\/blogdorogeriogomes.com.br\/noticias\/2019\/11\/frente-parlamentar-em-defesa-do-novo-fundeb-vai-reunir-deputados-estaduais-e-vereadores-de-fortaleza\/","title":{"rendered":"Frente Parlamentar em defesa do Novo Fundeb vai reunir deputados estaduais e vereadores de Fortaleza"},"content":{"rendered":"<p><img loading=\"lazy\" decoding=\"async\" class=\"alignnone size-medium wp-image-14741\" src=\"http:\/\/blogdorogeriogomes.com.br\/wp-content\/uploads\/2019\/11\/IMG_20191129_180407_509-300x238.jpg\" alt=\"IMG_20191129_180407_509\" width=\"300\" height=\"238\" srcset=\"https:\/\/blogdorogeriogomes.com.br\/noticias\/wp-content\/uploads\/2019\/11\/IMG_20191129_180407_509-300x238.jpg 300w, https:\/\/blogdorogeriogomes.com.br\/noticias\/wp-content\/uploads\/2019\/11\/IMG_20191129_180407_509.jpg 670w\" sizes=\"auto, (max-width: 300px) 100vw, 300px\" \/><\/p>\n<p>Uma audi\u00eancia p\u00fablica realizada, esta semana, na C\u00e2mara Municipal de Fortaleza, deliberou a cria\u00e7\u00e3o de uma frente parlamentar em defesa de Novo Fundeb que reunir\u00e1 deputados estaduais e vereadores da Capital. O Fundo de Manuten\u00e7\u00e3o e Desenvolvimento da Educa\u00e7\u00e3o B\u00e1sica foi criado em 2007 para garantir investimento da Uni\u00e3o para a educa\u00e7\u00e3o b\u00e1sica, da creche ao Ensino M\u00e9dio.<br \/>\nA audi\u00eancia p\u00fablica foi iniciativa conjunta do presidente da Comiss\u00e3o de Educa\u00e7\u00e3o da C\u00e2mara, Evaldo Lima, e do vereador Didi Mangueira. O presidente da Comiss\u00e3o de Educa\u00e7\u00e3o da Assembleia Legislativa, Queiroz Filho, tamb\u00e9m participou do encontro.<br \/>\n&#8220;\u00c9 importante que essa frente seja apartid\u00e1ria. Como presidente da Comiss\u00e3o de Educa\u00e7\u00e3o da Assembleia, tenho estimulado esse di\u00e1logo sobre a import\u00e2ncia do Fundeb para a educa\u00e7\u00e3o p\u00fablica do Pa\u00eds&#8221;, disse Queiroz Filho, que tamb\u00e9m criticou os constantes amea\u00e7as de cortes de verbas para a educa\u00e7\u00e3o pelo Governo Federal.<\/p>\n","protected":false},"excerpt":{"rendered":"<p>Uma audi\u00eancia p\u00fablica realizada, esta semana, na C\u00e2mara Municipal de Fortaleza, deliberou a cria\u00e7\u00e3o de uma frente parlamentar em defesa de Novo Fundeb que reunir\u00e1 deputados estaduais e vereadores da Capital. O Fundo de Manuten\u00e7\u00e3o e Desenvolvimento da Educa\u00e7\u00e3o B\u00e1sica foi criado em 2007 para garantir investimento da Uni\u00e3o para a educa\u00e7\u00e3o b\u00e1sica, da creche ao Ensino M\u00e9dio. A audi\u00eancia p\u00fablica foi iniciativa conjunta do presidente da Comiss\u00e3o de Educa\u00e7\u00e3o da C\u00e2mara, Evaldo Lima, e do vereador Didi Mangueira.&hellip;<\/p>\n","protected":false},"author":1,"featured_media":14741,"comment_status":"open","ping_status":"open","sticky":false,"template":"","format":"standard","meta":{"footnotes":""},"categories":[1],"tags":[],"class_list":["post-14740","post","type-post","status-publish","format-standard","has-post-thumbnail","hentry","category-noticias"],"_links":{"self":[{"href":"https:\/\/blogdorogeriogomes.com.br\/noticias\/wp-json\/wp\/v2\/posts\/14740","targetHints":{"allow":["GET"]}}],"collection":[{"href":"https:\/\/blogdorogeriogomes.com.br\/noticias\/wp-json\/wp\/v2\/posts"}],"about":[{"href":"https:\/\/blogdorogeriogomes.com.br\/noticias\/wp-json\/wp\/v2\/types\/post"}],"author":[{"embeddable":true,"href":"https:\/\/blogdorogeriogomes.com.br\/noticias\/wp-json\/wp\/v2\/users\/1"}],"replies":[{"embeddable":true,"href":"https:\/\/blogdorogeriogomes.com.br\/noticias\/wp-json\/wp\/v2\/comments?post=14740"}],"version-history":[{"count":2,"href":"https:\/\/blogdorogeriogomes.com.br\/noticias\/wp-json\/wp\/v2\/posts\/14740\/revisions"}],"predecessor-version":[{"id":14828,"href":"https:\/\/blogdorogeriogomes.com.br\/noticias\/wp-json\/wp\/v2\/posts\/14740\/revisions\/14828"}],"wp:featuredmedia":[{"embeddable":true,"href":"https:\/\/blogdorogeriogomes.com.br\/noticias\/wp-json\/wp\/v2\/media\/14741"}],"wp:attachment":[{"href":"https:\/\/blogdorogeriogomes.com.br\/noticias\/wp-json\/wp\/v2\/media?parent=14740"}],"wp:term":[{"taxonomy":"category","embeddable":true,"href":"https:\/\/blogdorogeriogomes.com.br\/noticias\/wp-json\/wp\/v2\/categories?post=14740"},{"taxonomy":"post_tag","embeddable":true,"href":"https:\/\/blogdorogeriogomes.com.br\/noticias\/wp-json\/wp\/v2\/tags?post=14740"}],"curies":[{"name":"wp","href":"https:\/\/api.w.org\/{rel}","templated":true}]}}