{"id":14747,"date":"2019-11-30T16:11:19","date_gmt":"2019-11-30T16:11:19","guid":{"rendered":"http:\/\/blogdorogeriogomes.com.br\/?p=14747"},"modified":"2019-11-30T21:56:36","modified_gmt":"2019-11-30T21:56:36","slug":"municipio-de-aracoiaba-realiza-eleicao-suplementar-neste-domingo","status":"publish","type":"post","link":"https:\/\/blogdorogeriogomes.com.br\/noticias\/2019\/11\/municipio-de-aracoiaba-realiza-eleicao-suplementar-neste-domingo\/","title":{"rendered":"Munic\u00edpio de Aracoiaba realiza elei\u00e7\u00e3o suplementar neste domingo"},"content":{"rendered":"<p><img loading=\"lazy\" decoding=\"async\" class=\"alignnone size-medium wp-image-14749\" src=\"http:\/\/blogdorogeriogomes.com.br\/wp-content\/uploads\/2019\/11\/IMG_20191130_130802_688-300x193.jpg\" alt=\"IMG_20191130_130802_688\" width=\"300\" height=\"193\" srcset=\"https:\/\/blogdorogeriogomes.com.br\/noticias\/wp-content\/uploads\/2019\/11\/IMG_20191130_130802_688-300x193.jpg 300w, https:\/\/blogdorogeriogomes.com.br\/noticias\/wp-content\/uploads\/2019\/11\/IMG_20191130_130802_688.jpg 691w\" sizes=\"auto, (max-width: 300px) 100vw, 300px\" \/><\/p>\n<p>O munic\u00edpio de Aracoiaba, na Regi\u00e3o do Maci\u00e7o de Baturit\u00e9, elege novo prefeito em elei\u00e7\u00e3o suplementar, neste domingo, dia 1\u00b0 de dezembro. S\u00e3o quase 23 mil eleitores aptos a votar e que devem escolher a nova gest\u00e3o que dever\u00e1 comandar o munic\u00edpio at\u00e9 o fim de 2020. S\u00e3o duas chapas que concorrem na cidade.<br \/>\nNo Cear\u00e1, \u00e9 a quarta elei\u00e7\u00e3o fora do per\u00edodo ap\u00f3s queda de gestores. No ano passado, Umari, Frecheirinha, Santana do Cariri e Croat\u00e1 fizeram novas elei\u00e7\u00f5es, ap\u00f3s determina\u00e7\u00e3o do Tribunal Regional Eleitoral que apontou irregularidades no pleito.<br \/>\nEm Aracoiaba, a elei\u00e7\u00e3o suplementar ser\u00e1 disputada por Thiago Campelo (PDT) e Wellington Oliveira (PL), o Edim da Bill, que \u00e9 filho de Maria Valmira Silva de Oliveira, a Dona Bill, m\u00e3e do cantor Wesley Safad\u00e3o.<\/p>\n","protected":false},"excerpt":{"rendered":"<p>O munic\u00edpio de Aracoiaba, na Regi\u00e3o do Maci\u00e7o de Baturit\u00e9, elege novo prefeito em elei\u00e7\u00e3o suplementar, neste domingo, dia 1\u00b0 de dezembro. S\u00e3o quase 23 mil eleitores aptos a votar e que devem escolher a nova gest\u00e3o que dever\u00e1 comandar o munic\u00edpio at\u00e9 o fim de 2020. S\u00e3o duas chapas que concorrem na cidade. No Cear\u00e1, \u00e9 a quarta elei\u00e7\u00e3o fora do per\u00edodo ap\u00f3s queda de gestores. No ano passado, Umari, Frecheirinha, Santana do Cariri e Croat\u00e1 fizeram novas&hellip;<\/p>\n","protected":false},"author":1,"featured_media":14749,"comment_status":"open","ping_status":"open","sticky":false,"template":"","format":"standard","meta":{"footnotes":""},"categories":[1],"tags":[],"class_list":["post-14747","post","type-post","status-publish","format-standard","has-post-thumbnail","hentry","category-noticias"],"_links":{"self":[{"href":"https:\/\/blogdorogeriogomes.com.br\/noticias\/wp-json\/wp\/v2\/posts\/14747","targetHints":{"allow":["GET"]}}],"collection":[{"href":"https:\/\/blogdorogeriogomes.com.br\/noticias\/wp-json\/wp\/v2\/posts"}],"about":[{"href":"https:\/\/blogdorogeriogomes.com.br\/noticias\/wp-json\/wp\/v2\/types\/post"}],"author":[{"embeddable":true,"href":"https:\/\/blogdorogeriogomes.com.br\/noticias\/wp-json\/wp\/v2\/users\/1"}],"replies":[{"embeddable":true,"href":"https:\/\/blogdorogeriogomes.com.br\/noticias\/wp-json\/wp\/v2\/comments?post=14747"}],"version-history":[{"count":2,"href":"https:\/\/blogdorogeriogomes.com.br\/noticias\/wp-json\/wp\/v2\/posts\/14747\/revisions"}],"predecessor-version":[{"id":14826,"href":"https:\/\/blogdorogeriogomes.com.br\/noticias\/wp-json\/wp\/v2\/posts\/14747\/revisions\/14826"}],"wp:featuredmedia":[{"embeddable":true,"href":"https:\/\/blogdorogeriogomes.com.br\/noticias\/wp-json\/wp\/v2\/media\/14749"}],"wp:attachment":[{"href":"https:\/\/blogdorogeriogomes.com.br\/noticias\/wp-json\/wp\/v2\/media?parent=14747"}],"wp:term":[{"taxonomy":"category","embeddable":true,"href":"https:\/\/blogdorogeriogomes.com.br\/noticias\/wp-json\/wp\/v2\/categories?post=14747"},{"taxonomy":"post_tag","embeddable":true,"href":"https:\/\/blogdorogeriogomes.com.br\/noticias\/wp-json\/wp\/v2\/tags?post=14747"}],"curies":[{"name":"wp","href":"https:\/\/api.w.org\/{rel}","templated":true}]}}