{"id":14870,"date":"2019-12-02T22:43:19","date_gmt":"2019-12-02T22:43:19","guid":{"rendered":"http:\/\/blogdorogeriogomes.com.br\/?p=14870"},"modified":"2019-12-02T22:57:53","modified_gmt":"2019-12-02T22:57:53","slug":"projetos-polemicos-no-congresso-nacional-so-devem-entrar-na-pauta-em-2020","status":"publish","type":"post","link":"https:\/\/blogdorogeriogomes.com.br\/noticias\/2019\/12\/projetos-polemicos-no-congresso-nacional-so-devem-entrar-na-pauta-em-2020\/","title":{"rendered":"Projetos pol\u00eamicos no Congresso Nacional s\u00f3 devem entrar na pauta em 2020"},"content":{"rendered":"\n<p>O recesso parlamentar no Congresso Nacional se aproxima. Deputados federais e senadores t\u00eam a miss\u00e3o de tentar aprovar uma pauta extensa de medidas do Governo Federal e a Lei Or\u00e7ament\u00e1ria Anual para 2020. Com prazo apertado, parlamentares j\u00e1 adiantam que projetos pol\u00eamicos e de grande impacto, como as reformas, s\u00f3 devem ganhar celeridade no ano que vem.<br> Na C\u00e2mara, o presidente da C\u00e2mara dos Deputados, Rodrigo Maia, decidiu convocar vota\u00e7\u00f5es \u00e0s segundas-feiras, a partir desta semana. Ap\u00f3s ter sido aprovada em dois turnos no Senado, a Proposta de Emenda \u00e0 Constitui\u00e7\u00e3o Paralela da Previd\u00eancia, por exemplo, \u00e9 um dos projetos pendentes que sequer come\u00e7ou a tramitar na C\u00e2mara.<\/p>\n\n\n\n<figure class=\"wp-block-gallery columns-1 is-cropped wp-block-gallery-1 is-layout-flex wp-block-gallery-is-layout-flex\"><ul class=\"blocks-gallery-grid\"><li class=\"blocks-gallery-item\"><figure><img loading=\"lazy\" decoding=\"async\" width=\"860\" height=\"570\" src=\"http:\/\/blogdorogeriogomes.com.br\/wp-content\/uploads\/2019\/12\/IMG_20191202_092144_376.jpg\" alt=\"\" data-id=\"14872\" data-full-url=\"http:\/\/blogdorogeriogomes.com.br\/wp-content\/uploads\/2019\/12\/IMG_20191202_092144_376.jpg\" data-link=\"http:\/\/blogdorogeriogomes.com.br\/?attachment_id=14872\" class=\"wp-image-14872\" srcset=\"https:\/\/blogdorogeriogomes.com.br\/noticias\/wp-content\/uploads\/2019\/12\/IMG_20191202_092144_376.jpg 860w, https:\/\/blogdorogeriogomes.com.br\/noticias\/wp-content\/uploads\/2019\/12\/IMG_20191202_092144_376-300x199.jpg 300w, https:\/\/blogdorogeriogomes.com.br\/noticias\/wp-content\/uploads\/2019\/12\/IMG_20191202_092144_376-768x509.jpg 768w, https:\/\/blogdorogeriogomes.com.br\/noticias\/wp-content\/uploads\/2019\/12\/IMG_20191202_092144_376-800x530.jpg 800w\" sizes=\"auto, (max-width: 860px) 100vw, 860px\" \/><\/figure><\/li><\/ul><\/figure>\n","protected":false},"excerpt":{"rendered":"<p>O recesso parlamentar no Congresso Nacional se aproxima. Deputados federais e senadores t\u00eam a miss\u00e3o de tentar aprovar uma pauta extensa de medidas do Governo Federal e a Lei Or\u00e7ament\u00e1ria Anual para 2020. Com prazo apertado, parlamentares j\u00e1 adiantam que projetos pol\u00eamicos e de grande impacto, como as reformas, s\u00f3 devem ganhar celeridade no ano que vem. Na C\u00e2mara, o presidente da C\u00e2mara dos Deputados, Rodrigo Maia, decidiu convocar vota\u00e7\u00f5es \u00e0s segundas-feiras, a partir desta semana. Ap\u00f3s ter sido&hellip;<\/p>\n","protected":false},"author":1,"featured_media":14872,"comment_status":"open","ping_status":"open","sticky":false,"template":"","format":"standard","meta":{"footnotes":""},"categories":[1],"tags":[],"class_list":["post-14870","post","type-post","status-publish","format-standard","has-post-thumbnail","hentry","category-noticias"],"_links":{"self":[{"href":"https:\/\/blogdorogeriogomes.com.br\/noticias\/wp-json\/wp\/v2\/posts\/14870","targetHints":{"allow":["GET"]}}],"collection":[{"href":"https:\/\/blogdorogeriogomes.com.br\/noticias\/wp-json\/wp\/v2\/posts"}],"about":[{"href":"https:\/\/blogdorogeriogomes.com.br\/noticias\/wp-json\/wp\/v2\/types\/post"}],"author":[{"embeddable":true,"href":"https:\/\/blogdorogeriogomes.com.br\/noticias\/wp-json\/wp\/v2\/users\/1"}],"replies":[{"embeddable":true,"href":"https:\/\/blogdorogeriogomes.com.br\/noticias\/wp-json\/wp\/v2\/comments?post=14870"}],"version-history":[{"count":1,"href":"https:\/\/blogdorogeriogomes.com.br\/noticias\/wp-json\/wp\/v2\/posts\/14870\/revisions"}],"predecessor-version":[{"id":14873,"href":"https:\/\/blogdorogeriogomes.com.br\/noticias\/wp-json\/wp\/v2\/posts\/14870\/revisions\/14873"}],"wp:featuredmedia":[{"embeddable":true,"href":"https:\/\/blogdorogeriogomes.com.br\/noticias\/wp-json\/wp\/v2\/media\/14872"}],"wp:attachment":[{"href":"https:\/\/blogdorogeriogomes.com.br\/noticias\/wp-json\/wp\/v2\/media?parent=14870"}],"wp:term":[{"taxonomy":"category","embeddable":true,"href":"https:\/\/blogdorogeriogomes.com.br\/noticias\/wp-json\/wp\/v2\/categories?post=14870"},{"taxonomy":"post_tag","embeddable":true,"href":"https:\/\/blogdorogeriogomes.com.br\/noticias\/wp-json\/wp\/v2\/tags?post=14870"}],"curies":[{"name":"wp","href":"https:\/\/api.w.org\/{rel}","templated":true}]}}