{"id":14878,"date":"2019-12-02T22:47:55","date_gmt":"2019-12-02T22:47:55","guid":{"rendered":"http:\/\/blogdorogeriogomes.com.br\/?p=14878"},"modified":"2019-12-02T22:57:15","modified_gmt":"2019-12-02T22:57:15","slug":"prefeitura-da-capital-lanca-novo-programa-de-coleta-seletiva-e-limpeza-urbana","status":"publish","type":"post","link":"https:\/\/blogdorogeriogomes.com.br\/noticias\/2019\/12\/prefeitura-da-capital-lanca-novo-programa-de-coleta-seletiva-e-limpeza-urbana\/","title":{"rendered":"Prefeitura da Capital lan\u00e7a novo programa de coleta seletiva e limpeza urbana"},"content":{"rendered":"\n<p>A Prefeitura de Fortaleza apresenta, nesta ter\u00e7a-feira, dia 3 de dezembro, o novo programa de a\u00e7\u00f5es de coleta seletiva e limpeza urbana a ser implantado ao longo de 2020 em Fortaleza. Coordenado pela Secretaria Municipal da Conserva\u00e7\u00e3o e Servi\u00e7os P\u00fablicos, o novo pacote de melhorias prev\u00ea a amplia\u00e7\u00e3o da infraestrutura, campanhas de conscientiza\u00e7\u00e3o e aperfei\u00e7oamento dos projetos sociais, com o objetivo de oferecer para a popula\u00e7\u00e3o mais alternativas para a correta destina\u00e7\u00e3o de res\u00edduos e mitigar os impactos dos res\u00edduos no meio ambiente.<br> Dentro desse projeto para a melhoria da limpeza na cidade, j\u00e1 em execu\u00e7\u00e3o desde 2015, Fortaleza j\u00e1 conta ao todo com 65 Ecopontos implantados em todas as Regionais, oferecendo ao cidad\u00e3o o benef\u00edcio do programa Recicla Fortaleza, que d\u00e1 cr\u00e9dito para desconto na conta de energia el\u00e9trica pela troca de res\u00edduos recicl\u00e1veis. Com os 65 Ecopontos em funcionamento, at\u00e9 o momento, j\u00e1 foram coletadas mais de 120 mil toneladas de materiais recicl\u00e1veis.<\/p>\n\n\n\n<figure class=\"wp-block-gallery columns-1 is-cropped wp-block-gallery-1 is-layout-flex wp-block-gallery-is-layout-flex\"><ul class=\"blocks-gallery-grid\"><li class=\"blocks-gallery-item\"><figure><img loading=\"lazy\" decoding=\"async\" width=\"655\" height=\"452\" src=\"http:\/\/blogdorogeriogomes.com.br\/wp-content\/uploads\/2019\/12\/IMG_20191202_180113_929.jpg\" alt=\"\" data-id=\"14880\" data-full-url=\"http:\/\/blogdorogeriogomes.com.br\/wp-content\/uploads\/2019\/12\/IMG_20191202_180113_929.jpg\" data-link=\"http:\/\/blogdorogeriogomes.com.br\/?attachment_id=14880\" class=\"wp-image-14880\" srcset=\"https:\/\/blogdorogeriogomes.com.br\/noticias\/wp-content\/uploads\/2019\/12\/IMG_20191202_180113_929.jpg 655w, https:\/\/blogdorogeriogomes.com.br\/noticias\/wp-content\/uploads\/2019\/12\/IMG_20191202_180113_929-300x207.jpg 300w\" sizes=\"auto, (max-width: 655px) 100vw, 655px\" \/><\/figure><\/li><\/ul><\/figure>\n","protected":false},"excerpt":{"rendered":"<p>A Prefeitura de Fortaleza apresenta, nesta ter\u00e7a-feira, dia 3 de dezembro, o novo programa de a\u00e7\u00f5es de coleta seletiva e limpeza urbana a ser implantado ao longo de 2020 em Fortaleza. Coordenado pela Secretaria Municipal da Conserva\u00e7\u00e3o e Servi\u00e7os P\u00fablicos, o novo pacote de melhorias prev\u00ea a amplia\u00e7\u00e3o da infraestrutura, campanhas de conscientiza\u00e7\u00e3o e aperfei\u00e7oamento dos projetos sociais, com o objetivo de oferecer para a popula\u00e7\u00e3o mais alternativas para a correta destina\u00e7\u00e3o de res\u00edduos e mitigar os impactos dos&hellip;<\/p>\n","protected":false},"author":1,"featured_media":14880,"comment_status":"open","ping_status":"open","sticky":false,"template":"","format":"standard","meta":{"footnotes":""},"categories":[1],"tags":[],"class_list":["post-14878","post","type-post","status-publish","format-standard","has-post-thumbnail","hentry","category-noticias"],"_links":{"self":[{"href":"https:\/\/blogdorogeriogomes.com.br\/noticias\/wp-json\/wp\/v2\/posts\/14878","targetHints":{"allow":["GET"]}}],"collection":[{"href":"https:\/\/blogdorogeriogomes.com.br\/noticias\/wp-json\/wp\/v2\/posts"}],"about":[{"href":"https:\/\/blogdorogeriogomes.com.br\/noticias\/wp-json\/wp\/v2\/types\/post"}],"author":[{"embeddable":true,"href":"https:\/\/blogdorogeriogomes.com.br\/noticias\/wp-json\/wp\/v2\/users\/1"}],"replies":[{"embeddable":true,"href":"https:\/\/blogdorogeriogomes.com.br\/noticias\/wp-json\/wp\/v2\/comments?post=14878"}],"version-history":[{"count":1,"href":"https:\/\/blogdorogeriogomes.com.br\/noticias\/wp-json\/wp\/v2\/posts\/14878\/revisions"}],"predecessor-version":[{"id":14881,"href":"https:\/\/blogdorogeriogomes.com.br\/noticias\/wp-json\/wp\/v2\/posts\/14878\/revisions\/14881"}],"wp:featuredmedia":[{"embeddable":true,"href":"https:\/\/blogdorogeriogomes.com.br\/noticias\/wp-json\/wp\/v2\/media\/14880"}],"wp:attachment":[{"href":"https:\/\/blogdorogeriogomes.com.br\/noticias\/wp-json\/wp\/v2\/media?parent=14878"}],"wp:term":[{"taxonomy":"category","embeddable":true,"href":"https:\/\/blogdorogeriogomes.com.br\/noticias\/wp-json\/wp\/v2\/categories?post=14878"},{"taxonomy":"post_tag","embeddable":true,"href":"https:\/\/blogdorogeriogomes.com.br\/noticias\/wp-json\/wp\/v2\/tags?post=14878"}],"curies":[{"name":"wp","href":"https:\/\/api.w.org\/{rel}","templated":true}]}}