{"id":14882,"date":"2019-12-02T22:49:51","date_gmt":"2019-12-02T22:49:51","guid":{"rendered":"http:\/\/blogdorogeriogomes.com.br\/?p=14882"},"modified":"2019-12-02T22:56:48","modified_gmt":"2019-12-02T22:56:48","slug":"advogados-de-lula-pedem-no-stf-anulacao-do-aumento-de-pena-feita-pelo-trf-4-no-caso-do-sitio-em-atibaia","status":"publish","type":"post","link":"https:\/\/blogdorogeriogomes.com.br\/noticias\/2019\/12\/advogados-de-lula-pedem-no-stf-anulacao-do-aumento-de-pena-feita-pelo-trf-4-no-caso-do-sitio-em-atibaia\/","title":{"rendered":"Advogados de Lula pedem no STF anula\u00e7\u00e3o do aumento de pena feita pelo TRF-4 no caso do s\u00edtio em Atibaia"},"content":{"rendered":"\n<p>A defesa do ex-presidente Lula pediu, nesta segunda-feira, dia 2 de dezembro, ao Supremo Tribunal Federal, a anula\u00e7\u00e3o do julgamento da segunda inst\u00e2ncia que aumentou a pena do petista no processo do s\u00edtio de Atibaia (SP). Na semana passada, o Tribunal Regional Federal da 4\u00aa Regi\u00e3o decidiu elevar a condena\u00e7\u00e3o de Lula a mais de 17 anos de pris\u00e3o.<br>\nOs advogados de Lula alegam ao ministro Edson Fachin, que \u00e9 o relator das a\u00e7\u00f5es da Opera\u00e7\u00e3o Lava Jato no STF, que tinham a possibilidade de apresentar recursos na segunda inst\u00e2ncia antes do julgamento do processo em si, ou seja, o m\u00e9rito, o que aconteceu na semana passada.<br>\nA defesa do ex-presidente ainda conta com o julgamento da suspei\u00e7\u00e3o do ex-juiz S\u00e9rgio Moro, que ainda acontecer\u00e1 no STF, para anular as duas condena\u00e7\u00f5es de Lula nos casos do triplex do Guaruj\u00e1 e do s\u00edtio em Atibaia.<\/p>\n\n\n\n<figure class=\"wp-block-gallery columns-1 is-cropped wp-block-gallery-1 is-layout-flex wp-block-gallery-is-layout-flex\"><ul class=\"blocks-gallery-grid\"><li class=\"blocks-gallery-item\"><figure><img loading=\"lazy\" decoding=\"async\" width=\"627\" height=\"400\" src=\"http:\/\/blogdorogeriogomes.com.br\/wp-content\/uploads\/2019\/12\/IMG_20191202_181137_835.jpg\" alt=\"\" data-id=\"14883\" data-full-url=\"http:\/\/blogdorogeriogomes.com.br\/wp-content\/uploads\/2019\/12\/IMG_20191202_181137_835.jpg\" data-link=\"http:\/\/blogdorogeriogomes.com.br\/?attachment_id=14883\" class=\"wp-image-14883\" srcset=\"https:\/\/blogdorogeriogomes.com.br\/noticias\/wp-content\/uploads\/2019\/12\/IMG_20191202_181137_835.jpg 627w, https:\/\/blogdorogeriogomes.com.br\/noticias\/wp-content\/uploads\/2019\/12\/IMG_20191202_181137_835-300x191.jpg 300w\" sizes=\"auto, (max-width: 627px) 100vw, 627px\" \/><\/figure><\/li><\/ul><\/figure>\n","protected":false},"excerpt":{"rendered":"<p>A defesa do ex-presidente Lula pediu, nesta segunda-feira, dia 2 de dezembro, ao Supremo Tribunal Federal, a anula\u00e7\u00e3o do julgamento da segunda inst\u00e2ncia que aumentou a pena do petista no processo do s\u00edtio de Atibaia (SP). Na semana passada, o Tribunal Regional Federal da 4\u00aa Regi\u00e3o decidiu elevar a condena\u00e7\u00e3o de Lula a mais de 17 anos de pris\u00e3o. Os advogados de Lula alegam ao ministro Edson Fachin, que \u00e9 o relator das a\u00e7\u00f5es da Opera\u00e7\u00e3o Lava Jato no&hellip;<\/p>\n","protected":false},"author":1,"featured_media":14883,"comment_status":"open","ping_status":"open","sticky":false,"template":"","format":"standard","meta":{"footnotes":""},"categories":[1],"tags":[],"class_list":["post-14882","post","type-post","status-publish","format-standard","has-post-thumbnail","hentry","category-noticias"],"_links":{"self":[{"href":"https:\/\/blogdorogeriogomes.com.br\/noticias\/wp-json\/wp\/v2\/posts\/14882","targetHints":{"allow":["GET"]}}],"collection":[{"href":"https:\/\/blogdorogeriogomes.com.br\/noticias\/wp-json\/wp\/v2\/posts"}],"about":[{"href":"https:\/\/blogdorogeriogomes.com.br\/noticias\/wp-json\/wp\/v2\/types\/post"}],"author":[{"embeddable":true,"href":"https:\/\/blogdorogeriogomes.com.br\/noticias\/wp-json\/wp\/v2\/users\/1"}],"replies":[{"embeddable":true,"href":"https:\/\/blogdorogeriogomes.com.br\/noticias\/wp-json\/wp\/v2\/comments?post=14882"}],"version-history":[{"count":1,"href":"https:\/\/blogdorogeriogomes.com.br\/noticias\/wp-json\/wp\/v2\/posts\/14882\/revisions"}],"predecessor-version":[{"id":14884,"href":"https:\/\/blogdorogeriogomes.com.br\/noticias\/wp-json\/wp\/v2\/posts\/14882\/revisions\/14884"}],"wp:featuredmedia":[{"embeddable":true,"href":"https:\/\/blogdorogeriogomes.com.br\/noticias\/wp-json\/wp\/v2\/media\/14883"}],"wp:attachment":[{"href":"https:\/\/blogdorogeriogomes.com.br\/noticias\/wp-json\/wp\/v2\/media?parent=14882"}],"wp:term":[{"taxonomy":"category","embeddable":true,"href":"https:\/\/blogdorogeriogomes.com.br\/noticias\/wp-json\/wp\/v2\/categories?post=14882"},{"taxonomy":"post_tag","embeddable":true,"href":"https:\/\/blogdorogeriogomes.com.br\/noticias\/wp-json\/wp\/v2\/tags?post=14882"}],"curies":[{"name":"wp","href":"https:\/\/api.w.org\/{rel}","templated":true}]}}