{"id":14887,"date":"2019-12-03T08:29:17","date_gmt":"2019-12-03T08:29:17","guid":{"rendered":"http:\/\/blogdorogeriogomes.com.br\/?p=14887"},"modified":"2019-12-03T10:13:26","modified_gmt":"2019-12-03T10:13:26","slug":"posse-de-novos-bombeiros-eleva-o-efetivo-da-corporacao-no-ceara-para-1-797-servidores","status":"publish","type":"post","link":"https:\/\/blogdorogeriogomes.com.br\/noticias\/2019\/12\/posse-de-novos-bombeiros-eleva-o-efetivo-da-corporacao-no-ceara-para-1-797-servidores\/","title":{"rendered":"Posse de novos bombeiros eleva o efetivo da corpora\u00e7\u00e3o no Cear\u00e1 para 1.797 servidores"},"content":{"rendered":"\n<p>A posse de 218 novos soldados para o Corpo de Bombeiros Militar do Cear\u00e1, nesta segunda-feira, dia 2 de dezembro, aumentou o efetivo da corpora\u00e7\u00e3o para 1.797 servidores. A maioria dos novos bombeiros empossados atuou de forma volunt\u00e1ria no resgate das v\u00edtimas do Edif\u00edcio Andr\u00e9a, que desabou no bairro Dion\u00edsio Torres, em Fortaleza. S\u00e3o 205 homens e 13 mulheres que passam a fazer parte da corpora\u00e7\u00e3o.<br>\nOs novos bombeiros foram convocados em outubro de 2018 pelo governador Camilo Santana. Os 218 empossados ser\u00e3o distribu\u00eddos em todas as unidades: Sobral, Juazeiro do Norte, Crato, Tau\u00e1, Iguatu, Quixeramobim, Guaramiranga, Crate\u00fas, Itapipoca, Limoeiro do Norte, Canind\u00e9, Aracati, Jericoacoara e Marco.<\/p>\n\n\n\n<figure class=\"wp-block-gallery columns-1 is-cropped wp-block-gallery-1 is-layout-flex wp-block-gallery-is-layout-flex\"><ul class=\"blocks-gallery-grid\"><li class=\"blocks-gallery-item\"><figure><img loading=\"lazy\" decoding=\"async\" width=\"1024\" height=\"789\" src=\"http:\/\/blogdorogeriogomes.com.br\/wp-content\/uploads\/2019\/12\/IMG_20191203_052530_757-1024x789.jpg\" alt=\"\" data-id=\"14888\" data-full-url=\"http:\/\/blogdorogeriogomes.com.br\/wp-content\/uploads\/2019\/12\/IMG_20191203_052530_757.jpg\" data-link=\"http:\/\/blogdorogeriogomes.com.br\/?attachment_id=14888\" class=\"wp-image-14888\" srcset=\"https:\/\/blogdorogeriogomes.com.br\/noticias\/wp-content\/uploads\/2019\/12\/IMG_20191203_052530_757-1024x789.jpg 1024w, https:\/\/blogdorogeriogomes.com.br\/noticias\/wp-content\/uploads\/2019\/12\/IMG_20191203_052530_757-300x231.jpg 300w, https:\/\/blogdorogeriogomes.com.br\/noticias\/wp-content\/uploads\/2019\/12\/IMG_20191203_052530_757-768x592.jpg 768w, https:\/\/blogdorogeriogomes.com.br\/noticias\/wp-content\/uploads\/2019\/12\/IMG_20191203_052530_757-800x617.jpg 800w, https:\/\/blogdorogeriogomes.com.br\/noticias\/wp-content\/uploads\/2019\/12\/IMG_20191203_052530_757-180x138.jpg 180w, https:\/\/blogdorogeriogomes.com.br\/noticias\/wp-content\/uploads\/2019\/12\/IMG_20191203_052530_757.jpg 1039w\" sizes=\"auto, (max-width: 1024px) 100vw, 1024px\" \/><\/figure><\/li><\/ul><\/figure>\n","protected":false},"excerpt":{"rendered":"<p>A posse de 218 novos soldados para o Corpo de Bombeiros Militar do Cear\u00e1, nesta segunda-feira, dia 2 de dezembro, aumentou o efetivo da corpora\u00e7\u00e3o para 1.797 servidores. A maioria dos novos bombeiros empossados atuou de forma volunt\u00e1ria no resgate das v\u00edtimas do Edif\u00edcio Andr\u00e9a, que desabou no bairro Dion\u00edsio Torres, em Fortaleza. S\u00e3o 205 homens e 13 mulheres que passam a fazer parte da corpora\u00e7\u00e3o. Os novos bombeiros foram convocados em outubro de 2018 pelo governador Camilo Santana.&hellip;<\/p>\n","protected":false},"author":1,"featured_media":14888,"comment_status":"open","ping_status":"open","sticky":false,"template":"","format":"standard","meta":{"footnotes":""},"categories":[1],"tags":[],"class_list":["post-14887","post","type-post","status-publish","format-standard","has-post-thumbnail","hentry","category-noticias"],"_links":{"self":[{"href":"https:\/\/blogdorogeriogomes.com.br\/noticias\/wp-json\/wp\/v2\/posts\/14887","targetHints":{"allow":["GET"]}}],"collection":[{"href":"https:\/\/blogdorogeriogomes.com.br\/noticias\/wp-json\/wp\/v2\/posts"}],"about":[{"href":"https:\/\/blogdorogeriogomes.com.br\/noticias\/wp-json\/wp\/v2\/types\/post"}],"author":[{"embeddable":true,"href":"https:\/\/blogdorogeriogomes.com.br\/noticias\/wp-json\/wp\/v2\/users\/1"}],"replies":[{"embeddable":true,"href":"https:\/\/blogdorogeriogomes.com.br\/noticias\/wp-json\/wp\/v2\/comments?post=14887"}],"version-history":[{"count":1,"href":"https:\/\/blogdorogeriogomes.com.br\/noticias\/wp-json\/wp\/v2\/posts\/14887\/revisions"}],"predecessor-version":[{"id":14889,"href":"https:\/\/blogdorogeriogomes.com.br\/noticias\/wp-json\/wp\/v2\/posts\/14887\/revisions\/14889"}],"wp:featuredmedia":[{"embeddable":true,"href":"https:\/\/blogdorogeriogomes.com.br\/noticias\/wp-json\/wp\/v2\/media\/14888"}],"wp:attachment":[{"href":"https:\/\/blogdorogeriogomes.com.br\/noticias\/wp-json\/wp\/v2\/media?parent=14887"}],"wp:term":[{"taxonomy":"category","embeddable":true,"href":"https:\/\/blogdorogeriogomes.com.br\/noticias\/wp-json\/wp\/v2\/categories?post=14887"},{"taxonomy":"post_tag","embeddable":true,"href":"https:\/\/blogdorogeriogomes.com.br\/noticias\/wp-json\/wp\/v2\/tags?post=14887"}],"curies":[{"name":"wp","href":"https:\/\/api.w.org\/{rel}","templated":true}]}}