{"id":14893,"date":"2019-12-03T20:45:10","date_gmt":"2019-12-03T20:45:10","guid":{"rendered":"http:\/\/blogdorogeriogomes.com.br\/?p=14893"},"modified":"2019-12-03T21:25:14","modified_gmt":"2019-12-03T21:25:14","slug":"bolsonaro-qualifica-o-parque-nacional-de-jericoacoara-para-ser-privatizado","status":"publish","type":"post","link":"https:\/\/blogdorogeriogomes.com.br\/noticias\/2019\/12\/bolsonaro-qualifica-o-parque-nacional-de-jericoacoara-para-ser-privatizado\/","title":{"rendered":"Bolsonaro qualifica o Parque Nacional de Jericoacoara para ser privatizado"},"content":{"rendered":"\n<p>A onda de privatiza\u00e7\u00f5es do Governo Bolsonaro chega agora at\u00e9 ao Parque Nacional de Jericoacoara, na Zona Norte do Cear\u00e1. Nesta ter\u00e7a-feira, dia 3 de dezembro, foi publicado no Di\u00e1rio Oficial da Uni\u00e3o que o presidente Jair Bolsonaro qualificou tr\u00eas destinos tur\u00edsticos do Pa\u00eds para entrarem no Programa de Parcerias de Investimento (PPI). A a\u00e7\u00e3o abre a possibilidade de privatiza\u00e7\u00f5es do Parque Nacional de Jericoacoara, Parque Nacional dos Len\u00e7\u00f3is Maranhenses e do Parque Nacional do Igua\u00e7u. <br> O governador do Cear\u00e1, Camilo Santana, avalia que a possibilidade de privatiza\u00e7\u00e3o do Parque de Jericoacoara deve ser discutida com a participa\u00e7\u00e3o do Estado. Segundo ele, o Governo Estadual tem interesse de assumir a administra\u00e7\u00e3o do parque. A Praia de Jericoacoara, principalmente ap\u00f3s a constru\u00e7\u00e3o do Aeroporto de Cruz, na Zona Norte, \u00e9 um dos locais mais visitados por turistas estrangeiros do Cear\u00e1.<\/p>\n\n\n\n<figure class=\"wp-block-gallery columns-1 is-cropped wp-block-gallery-1 is-layout-flex wp-block-gallery-is-layout-flex\"><ul class=\"blocks-gallery-grid\"><li class=\"blocks-gallery-item\"><figure><img loading=\"lazy\" decoding=\"async\" width=\"644\" height=\"445\" src=\"http:\/\/blogdorogeriogomes.com.br\/wp-content\/uploads\/2019\/12\/IMG_20191203_174150_627.jpg\" alt=\"\" data-id=\"14894\" data-full-url=\"http:\/\/blogdorogeriogomes.com.br\/wp-content\/uploads\/2019\/12\/IMG_20191203_174150_627.jpg\" data-link=\"http:\/\/blogdorogeriogomes.com.br\/?attachment_id=14894\" class=\"wp-image-14894\" srcset=\"https:\/\/blogdorogeriogomes.com.br\/noticias\/wp-content\/uploads\/2019\/12\/IMG_20191203_174150_627.jpg 644w, https:\/\/blogdorogeriogomes.com.br\/noticias\/wp-content\/uploads\/2019\/12\/IMG_20191203_174150_627-300x207.jpg 300w\" sizes=\"auto, (max-width: 644px) 100vw, 644px\" \/><\/figure><\/li><\/ul><\/figure>\n","protected":false},"excerpt":{"rendered":"<p>A onda de privatiza\u00e7\u00f5es do Governo Bolsonaro chega agora at\u00e9 ao Parque Nacional de Jericoacoara, na Zona Norte do Cear\u00e1. Nesta ter\u00e7a-feira, dia 3 de dezembro, foi publicado no Di\u00e1rio Oficial da Uni\u00e3o que o presidente Jair Bolsonaro qualificou tr\u00eas destinos tur\u00edsticos do Pa\u00eds para entrarem no Programa de Parcerias de Investimento (PPI). A a\u00e7\u00e3o abre a possibilidade de privatiza\u00e7\u00f5es do Parque Nacional de Jericoacoara, Parque Nacional dos Len\u00e7\u00f3is Maranhenses e do Parque Nacional do Igua\u00e7u. O governador do&hellip;<\/p>\n","protected":false},"author":1,"featured_media":14894,"comment_status":"open","ping_status":"open","sticky":false,"template":"","format":"standard","meta":{"footnotes":""},"categories":[1],"tags":[],"class_list":["post-14893","post","type-post","status-publish","format-standard","has-post-thumbnail","hentry","category-noticias"],"_links":{"self":[{"href":"https:\/\/blogdorogeriogomes.com.br\/noticias\/wp-json\/wp\/v2\/posts\/14893","targetHints":{"allow":["GET"]}}],"collection":[{"href":"https:\/\/blogdorogeriogomes.com.br\/noticias\/wp-json\/wp\/v2\/posts"}],"about":[{"href":"https:\/\/blogdorogeriogomes.com.br\/noticias\/wp-json\/wp\/v2\/types\/post"}],"author":[{"embeddable":true,"href":"https:\/\/blogdorogeriogomes.com.br\/noticias\/wp-json\/wp\/v2\/users\/1"}],"replies":[{"embeddable":true,"href":"https:\/\/blogdorogeriogomes.com.br\/noticias\/wp-json\/wp\/v2\/comments?post=14893"}],"version-history":[{"count":1,"href":"https:\/\/blogdorogeriogomes.com.br\/noticias\/wp-json\/wp\/v2\/posts\/14893\/revisions"}],"predecessor-version":[{"id":14895,"href":"https:\/\/blogdorogeriogomes.com.br\/noticias\/wp-json\/wp\/v2\/posts\/14893\/revisions\/14895"}],"wp:featuredmedia":[{"embeddable":true,"href":"https:\/\/blogdorogeriogomes.com.br\/noticias\/wp-json\/wp\/v2\/media\/14894"}],"wp:attachment":[{"href":"https:\/\/blogdorogeriogomes.com.br\/noticias\/wp-json\/wp\/v2\/media?parent=14893"}],"wp:term":[{"taxonomy":"category","embeddable":true,"href":"https:\/\/blogdorogeriogomes.com.br\/noticias\/wp-json\/wp\/v2\/categories?post=14893"},{"taxonomy":"post_tag","embeddable":true,"href":"https:\/\/blogdorogeriogomes.com.br\/noticias\/wp-json\/wp\/v2\/tags?post=14893"}],"curies":[{"name":"wp","href":"https:\/\/api.w.org\/{rel}","templated":true}]}}