{"id":14896,"date":"2019-12-03T21:17:34","date_gmt":"2019-12-03T21:17:34","guid":{"rendered":"http:\/\/blogdorogeriogomes.com.br\/?p=14896"},"modified":"2019-12-03T21:24:52","modified_gmt":"2019-12-03T21:24:52","slug":"resultado-ruim-do-brasil-na-avaliacao-da-educacao-basica-faz-ministro-tentar-transferir-culpa-para-o-pt","status":"publish","type":"post","link":"https:\/\/blogdorogeriogomes.com.br\/noticias\/2019\/12\/resultado-ruim-do-brasil-na-avaliacao-da-educacao-basica-faz-ministro-tentar-transferir-culpa-para-o-pt\/","title":{"rendered":"Resultado ruim do Brasil na avalia\u00e7\u00e3o da educa\u00e7\u00e3o b\u00e1sica faz ministro tentar transferir culpa para o PT"},"content":{"rendered":"\n<p>De acordo com levantamento do Programa Internacional de Avalia\u00e7\u00e3o de Estudantes (Pisa), o Brasil continua com desempenho ruim e aparece entre as 20 piores coloca\u00e7\u00f5es no ranking mundial da educa\u00e7\u00e3o b\u00e1sica. Os dados s\u00e3o referentes a 2018 em avalia\u00e7\u00e3o aplicada em alunos de 15 anos de idade em 79 pa\u00edses, nas \u00e1reas de Matem\u00e1tica, Ci\u00eancias e Leitura.<br>\nAo tentar analisar os n\u00fameros, o ministro da Educa\u00e7\u00e3o, Abraham Weintraub, afirmou que o resultado ruim da educa\u00e7\u00e3o brasileira na prova do Pisa \u00e9 &#8220;integralmente culpa do PT\u2026 culpa dessa doutrina\u00e7\u00e3o esquerd\u00f3fila e sem ensino&#8221;.<br>\nA resposta veio atrav\u00e9s do ex-ministro da Educa\u00e7\u00e3o em governos petistas, Aloizio Mercadante. &#8220;O atual ministro ataca o PT, que est\u00e1 h\u00e1 quase quatro anos fora do governo. De forma ainda mais descabida, agride Paulo Freire e, mais uma vez, n\u00e3o prop\u00f5e absolutamente nada para a melhoria da educa\u00e7\u00e3o.&#8221;<br>\nMercadante ainda pontua: \u201cAo inv\u00e9s de procurar fazer uma an\u00e1lise aprofundada e apresentar propostas concretas para a melhoria da qualidade da educa\u00e7\u00e3o brasileira, o governo Bolsonaro prefere justificar a trag\u00e9dia que est\u00e1 em curso na educa\u00e7\u00e3o com respostas evasivas e uma guerra ideol\u00f3gica obscurantista&#8221;.<\/p>\n\n\n\n<figure class=\"wp-block-gallery columns-1 is-cropped wp-block-gallery-1 is-layout-flex wp-block-gallery-is-layout-flex\"><ul class=\"blocks-gallery-grid\"><li class=\"blocks-gallery-item\"><figure><img loading=\"lazy\" decoding=\"async\" width=\"632\" height=\"331\" src=\"http:\/\/blogdorogeriogomes.com.br\/wp-content\/uploads\/2019\/12\/IMG_20191203_181051_111.jpg\" alt=\"\" data-id=\"14897\" data-full-url=\"http:\/\/blogdorogeriogomes.com.br\/wp-content\/uploads\/2019\/12\/IMG_20191203_181051_111.jpg\" data-link=\"http:\/\/blogdorogeriogomes.com.br\/?attachment_id=14897\" class=\"wp-image-14897\" srcset=\"https:\/\/blogdorogeriogomes.com.br\/noticias\/wp-content\/uploads\/2019\/12\/IMG_20191203_181051_111.jpg 632w, https:\/\/blogdorogeriogomes.com.br\/noticias\/wp-content\/uploads\/2019\/12\/IMG_20191203_181051_111-300x157.jpg 300w\" sizes=\"auto, (max-width: 632px) 100vw, 632px\" \/><\/figure><\/li><\/ul><\/figure>\n","protected":false},"excerpt":{"rendered":"<p>De acordo com levantamento do Programa Internacional de Avalia\u00e7\u00e3o de Estudantes (Pisa), o Brasil continua com desempenho ruim e aparece entre as 20 piores coloca\u00e7\u00f5es no ranking mundial da educa\u00e7\u00e3o b\u00e1sica. Os dados s\u00e3o referentes a 2018 em avalia\u00e7\u00e3o aplicada em alunos de 15 anos de idade em 79 pa\u00edses, nas \u00e1reas de Matem\u00e1tica, Ci\u00eancias e Leitura. Ao tentar analisar os n\u00fameros, o ministro da Educa\u00e7\u00e3o, Abraham Weintraub, afirmou que o resultado ruim da educa\u00e7\u00e3o brasileira na prova do&hellip;<\/p>\n","protected":false},"author":1,"featured_media":14897,"comment_status":"open","ping_status":"open","sticky":false,"template":"","format":"standard","meta":{"footnotes":""},"categories":[1],"tags":[],"class_list":["post-14896","post","type-post","status-publish","format-standard","has-post-thumbnail","hentry","category-noticias"],"_links":{"self":[{"href":"https:\/\/blogdorogeriogomes.com.br\/noticias\/wp-json\/wp\/v2\/posts\/14896","targetHints":{"allow":["GET"]}}],"collection":[{"href":"https:\/\/blogdorogeriogomes.com.br\/noticias\/wp-json\/wp\/v2\/posts"}],"about":[{"href":"https:\/\/blogdorogeriogomes.com.br\/noticias\/wp-json\/wp\/v2\/types\/post"}],"author":[{"embeddable":true,"href":"https:\/\/blogdorogeriogomes.com.br\/noticias\/wp-json\/wp\/v2\/users\/1"}],"replies":[{"embeddable":true,"href":"https:\/\/blogdorogeriogomes.com.br\/noticias\/wp-json\/wp\/v2\/comments?post=14896"}],"version-history":[{"count":1,"href":"https:\/\/blogdorogeriogomes.com.br\/noticias\/wp-json\/wp\/v2\/posts\/14896\/revisions"}],"predecessor-version":[{"id":14898,"href":"https:\/\/blogdorogeriogomes.com.br\/noticias\/wp-json\/wp\/v2\/posts\/14896\/revisions\/14898"}],"wp:featuredmedia":[{"embeddable":true,"href":"https:\/\/blogdorogeriogomes.com.br\/noticias\/wp-json\/wp\/v2\/media\/14897"}],"wp:attachment":[{"href":"https:\/\/blogdorogeriogomes.com.br\/noticias\/wp-json\/wp\/v2\/media?parent=14896"}],"wp:term":[{"taxonomy":"category","embeddable":true,"href":"https:\/\/blogdorogeriogomes.com.br\/noticias\/wp-json\/wp\/v2\/categories?post=14896"},{"taxonomy":"post_tag","embeddable":true,"href":"https:\/\/blogdorogeriogomes.com.br\/noticias\/wp-json\/wp\/v2\/tags?post=14896"}],"curies":[{"name":"wp","href":"https:\/\/api.w.org\/{rel}","templated":true}]}}