{"id":14902,"date":"2019-12-04T09:23:58","date_gmt":"2019-12-04T09:23:58","guid":{"rendered":"http:\/\/blogdorogeriogomes.com.br\/?p=14902"},"modified":"2019-12-04T10:46:39","modified_gmt":"2019-12-04T10:46:39","slug":"vereadores-de-fortaleza-apresentam-em-brasilia-proposta-de-linha-de-credito-para-reformas-de-predios-em-situacao-de-risco","status":"publish","type":"post","link":"https:\/\/blogdorogeriogomes.com.br\/noticias\/2019\/12\/vereadores-de-fortaleza-apresentam-em-brasilia-proposta-de-linha-de-credito-para-reformas-de-predios-em-situacao-de-risco\/","title":{"rendered":"Vereadores de Fortaleza apresentam em Bras\u00edlia proposta de linha de cr\u00e9dito para reformas de pr\u00e9dios em situa\u00e7\u00e3o de risco"},"content":{"rendered":"\n<p>O presidente da C\u00e2mara Municipal de Fortaleza, Ant\u00f4nio Henrique, e vereadores da Capital, que integram a Comiss\u00e3o de Acompanhamento de Inspe\u00e7\u00e3o Predial, apresentaram para a bancada cearense no Congresso Nacional, em Bras\u00edlia, nesta ter\u00e7a-feira, dia 3 de dezembro, a proposta de cria\u00e7\u00e3o de subs\u00eddios que atendam moradores de edif\u00edcio com risco de desabamento. A ideia \u00e9 garantir uma linha de cr\u00e9dito na Caixa Econ\u00f4mica Federal para reforma de condom\u00ednios com problemas estruturais na Capital.<br>\nPara o pr\u00f3ximo dia 10 de dezembro est\u00e1 agendada uma reuni\u00e3o com o superintendente executivo da Caixa Econ\u00f4mica, Alexandre Cordeiro, novamente em Bras\u00edlia, com a participa\u00e7\u00e3o dos vereadores, dos deputados federais cearenses e do presidente do Conselho Regional de Engenharia e Agronomia do Cear\u00e1 (Crea-CE), Emanuel Mota. Participam da comiss\u00e3o da C\u00e2mara, o presidente Ant\u00f4nio Henrique (PDT), os vereadores Didi Mangueira (PDT), Sargento Reginauro (sem partido), M\u00e1rcio Cruz (PSD) e Renan Colares (PDT).<\/p>\n\n\n\n<figure class=\"wp-block-gallery columns-1 is-cropped wp-block-gallery-1 is-layout-flex wp-block-gallery-is-layout-flex\"><ul class=\"blocks-gallery-grid\"><li class=\"blocks-gallery-item\"><figure><img loading=\"lazy\" decoding=\"async\" width=\"1024\" height=\"563\" src=\"http:\/\/blogdorogeriogomes.com.br\/wp-content\/uploads\/2019\/12\/IMG_20191204_062011_764.jpg\" alt=\"\" data-id=\"14903\" data-full-url=\"http:\/\/blogdorogeriogomes.com.br\/wp-content\/uploads\/2019\/12\/IMG_20191204_062011_764.jpg\" data-link=\"http:\/\/blogdorogeriogomes.com.br\/?attachment_id=14903\" class=\"wp-image-14903\" srcset=\"https:\/\/blogdorogeriogomes.com.br\/noticias\/wp-content\/uploads\/2019\/12\/IMG_20191204_062011_764.jpg 1024w, https:\/\/blogdorogeriogomes.com.br\/noticias\/wp-content\/uploads\/2019\/12\/IMG_20191204_062011_764-300x165.jpg 300w, https:\/\/blogdorogeriogomes.com.br\/noticias\/wp-content\/uploads\/2019\/12\/IMG_20191204_062011_764-768x422.jpg 768w, https:\/\/blogdorogeriogomes.com.br\/noticias\/wp-content\/uploads\/2019\/12\/IMG_20191204_062011_764-800x440.jpg 800w\" sizes=\"auto, (max-width: 1024px) 100vw, 1024px\" \/><\/figure><\/li><\/ul><\/figure>\n","protected":false},"excerpt":{"rendered":"<p>O presidente da C\u00e2mara Municipal de Fortaleza, Ant\u00f4nio Henrique, e vereadores da Capital, que integram a Comiss\u00e3o de Acompanhamento de Inspe\u00e7\u00e3o Predial, apresentaram para a bancada cearense no Congresso Nacional, em Bras\u00edlia, nesta ter\u00e7a-feira, dia 3 de dezembro, a proposta de cria\u00e7\u00e3o de subs\u00eddios que atendam moradores de edif\u00edcio com risco de desabamento. A ideia \u00e9 garantir uma linha de cr\u00e9dito na Caixa Econ\u00f4mica Federal para reforma de condom\u00ednios com problemas estruturais na Capital. Para o pr\u00f3ximo dia 10&hellip;<\/p>\n","protected":false},"author":1,"featured_media":14903,"comment_status":"open","ping_status":"open","sticky":false,"template":"","format":"standard","meta":{"footnotes":""},"categories":[1],"tags":[],"class_list":["post-14902","post","type-post","status-publish","format-standard","has-post-thumbnail","hentry","category-noticias"],"_links":{"self":[{"href":"https:\/\/blogdorogeriogomes.com.br\/noticias\/wp-json\/wp\/v2\/posts\/14902","targetHints":{"allow":["GET"]}}],"collection":[{"href":"https:\/\/blogdorogeriogomes.com.br\/noticias\/wp-json\/wp\/v2\/posts"}],"about":[{"href":"https:\/\/blogdorogeriogomes.com.br\/noticias\/wp-json\/wp\/v2\/types\/post"}],"author":[{"embeddable":true,"href":"https:\/\/blogdorogeriogomes.com.br\/noticias\/wp-json\/wp\/v2\/users\/1"}],"replies":[{"embeddable":true,"href":"https:\/\/blogdorogeriogomes.com.br\/noticias\/wp-json\/wp\/v2\/comments?post=14902"}],"version-history":[{"count":1,"href":"https:\/\/blogdorogeriogomes.com.br\/noticias\/wp-json\/wp\/v2\/posts\/14902\/revisions"}],"predecessor-version":[{"id":14904,"href":"https:\/\/blogdorogeriogomes.com.br\/noticias\/wp-json\/wp\/v2\/posts\/14902\/revisions\/14904"}],"wp:featuredmedia":[{"embeddable":true,"href":"https:\/\/blogdorogeriogomes.com.br\/noticias\/wp-json\/wp\/v2\/media\/14903"}],"wp:attachment":[{"href":"https:\/\/blogdorogeriogomes.com.br\/noticias\/wp-json\/wp\/v2\/media?parent=14902"}],"wp:term":[{"taxonomy":"category","embeddable":true,"href":"https:\/\/blogdorogeriogomes.com.br\/noticias\/wp-json\/wp\/v2\/categories?post=14902"},{"taxonomy":"post_tag","embeddable":true,"href":"https:\/\/blogdorogeriogomes.com.br\/noticias\/wp-json\/wp\/v2\/tags?post=14902"}],"curies":[{"name":"wp","href":"https:\/\/api.w.org\/{rel}","templated":true}]}}