{"id":14905,"date":"2019-12-04T16:09:44","date_gmt":"2019-12-04T16:09:44","guid":{"rendered":"http:\/\/blogdorogeriogomes.com.br\/?p=14905"},"modified":"2019-12-04T16:19:35","modified_gmt":"2019-12-04T16:19:35","slug":"12-festival-da-sardinha-movimenta-economia-e-turismo-de-cascavel-no-fim-de-semana","status":"publish","type":"post","link":"https:\/\/blogdorogeriogomes.com.br\/noticias\/2019\/12\/12-festival-da-sardinha-movimenta-economia-e-turismo-de-cascavel-no-fim-de-semana\/","title":{"rendered":"12\u00b0 Festival da Sardinha movimenta economia e turismo de Cascavel no fim de semana"},"content":{"rendered":"\n<p>Come\u00e7a nesta quinta-feira, dia 5 de dezembro, na praia de \u00c1guas Belas, em Cascavel, o 12\u00b0 Festival da Sardinha. O evento prossegue at\u00e9 domingo, dia 9. Atra\u00e7\u00f5es musicais, uma feira gastron\u00f4mica e uma regata fazem parte da programa\u00e7\u00e3o, que deve atrair turistas de todo o Cear\u00e1 e at\u00e9 de outros estados.<br>\nO Festival da Sardinha tem o apoio oficial do Blog do Rog\u00e9rio Gomes &#8211; Jornalismo de Qualidade na Rede.<\/p>\n\n\n\n<figure class=\"wp-block-gallery columns-1 is-cropped wp-block-gallery-1 is-layout-flex wp-block-gallery-is-layout-flex\"><ul class=\"blocks-gallery-grid\"><li class=\"blocks-gallery-item\"><figure><img loading=\"lazy\" decoding=\"async\" width=\"720\" height=\"736\" src=\"http:\/\/blogdorogeriogomes.com.br\/wp-content\/uploads\/2019\/12\/IMG_20191204_125953_992.jpg\" alt=\"\" data-id=\"14907\" data-full-url=\"http:\/\/blogdorogeriogomes.com.br\/wp-content\/uploads\/2019\/12\/IMG_20191204_125953_992.jpg\" data-link=\"http:\/\/blogdorogeriogomes.com.br\/?attachment_id=14907\" class=\"wp-image-14907\" srcset=\"https:\/\/blogdorogeriogomes.com.br\/noticias\/wp-content\/uploads\/2019\/12\/IMG_20191204_125953_992.jpg 720w, https:\/\/blogdorogeriogomes.com.br\/noticias\/wp-content\/uploads\/2019\/12\/IMG_20191204_125953_992-293x300.jpg 293w, https:\/\/blogdorogeriogomes.com.br\/noticias\/wp-content\/uploads\/2019\/12\/IMG_20191204_125953_992-50x52.jpg 50w\" sizes=\"auto, (max-width: 720px) 100vw, 720px\" \/><\/figure><\/li><\/ul><\/figure>\n","protected":false},"excerpt":{"rendered":"<p>Come\u00e7a nesta quinta-feira, dia 5 de dezembro, na praia de \u00c1guas Belas, em Cascavel, o 12\u00b0 Festival da Sardinha. O evento prossegue at\u00e9 domingo, dia 9. Atra\u00e7\u00f5es musicais, uma feira gastron\u00f4mica e uma regata fazem parte da programa\u00e7\u00e3o, que deve atrair turistas de todo o Cear\u00e1 e at\u00e9 de outros estados. O Festival da Sardinha tem o apoio oficial do Blog do Rog\u00e9rio Gomes &#8211; Jornalismo de Qualidade na Rede.<\/p>\n","protected":false},"author":1,"featured_media":14909,"comment_status":"open","ping_status":"open","sticky":false,"template":"","format":"standard","meta":{"footnotes":""},"categories":[1],"tags":[],"class_list":["post-14905","post","type-post","status-publish","format-standard","has-post-thumbnail","hentry","category-noticias"],"_links":{"self":[{"href":"https:\/\/blogdorogeriogomes.com.br\/noticias\/wp-json\/wp\/v2\/posts\/14905","targetHints":{"allow":["GET"]}}],"collection":[{"href":"https:\/\/blogdorogeriogomes.com.br\/noticias\/wp-json\/wp\/v2\/posts"}],"about":[{"href":"https:\/\/blogdorogeriogomes.com.br\/noticias\/wp-json\/wp\/v2\/types\/post"}],"author":[{"embeddable":true,"href":"https:\/\/blogdorogeriogomes.com.br\/noticias\/wp-json\/wp\/v2\/users\/1"}],"replies":[{"embeddable":true,"href":"https:\/\/blogdorogeriogomes.com.br\/noticias\/wp-json\/wp\/v2\/comments?post=14905"}],"version-history":[{"count":1,"href":"https:\/\/blogdorogeriogomes.com.br\/noticias\/wp-json\/wp\/v2\/posts\/14905\/revisions"}],"predecessor-version":[{"id":14908,"href":"https:\/\/blogdorogeriogomes.com.br\/noticias\/wp-json\/wp\/v2\/posts\/14905\/revisions\/14908"}],"wp:featuredmedia":[{"embeddable":true,"href":"https:\/\/blogdorogeriogomes.com.br\/noticias\/wp-json\/wp\/v2\/media\/14909"}],"wp:attachment":[{"href":"https:\/\/blogdorogeriogomes.com.br\/noticias\/wp-json\/wp\/v2\/media?parent=14905"}],"wp:term":[{"taxonomy":"category","embeddable":true,"href":"https:\/\/blogdorogeriogomes.com.br\/noticias\/wp-json\/wp\/v2\/categories?post=14905"},{"taxonomy":"post_tag","embeddable":true,"href":"https:\/\/blogdorogeriogomes.com.br\/noticias\/wp-json\/wp\/v2\/tags?post=14905"}],"curies":[{"name":"wp","href":"https:\/\/api.w.org\/{rel}","templated":true}]}}