{"id":14910,"date":"2019-12-04T20:13:47","date_gmt":"2019-12-04T20:13:47","guid":{"rendered":"http:\/\/blogdorogeriogomes.com.br\/?p=14910"},"modified":"2019-12-04T22:11:07","modified_gmt":"2019-12-04T22:11:07","slug":"licenca-de-cid-gomes-no-senado-federal-aumenta-a-especulacao-em-torno-da-sucessao-municipal-em-fortaleza","status":"publish","type":"post","link":"https:\/\/blogdorogeriogomes.com.br\/noticias\/2019\/12\/licenca-de-cid-gomes-no-senado-federal-aumenta-a-especulacao-em-torno-da-sucessao-municipal-em-fortaleza\/","title":{"rendered":"Licen\u00e7a de Cid Gomes no Senado Federal aumenta a especula\u00e7\u00e3o em torno da sucess\u00e3o municipal em Fortaleza"},"content":{"rendered":"\n<p>O an\u00fancio do pedido de licen\u00e7a do senador Cid Gomes (PDT) por 120 dias do mandato foi o suficiente para gerar mil e uma especula\u00e7\u00f5es em torno da sucess\u00e3o municipal de 2020, principalmente, em Fortaleza. Como todos sabem, o atual prefeito Roberto Cl\u00e1udio (PDT) j\u00e1 foi reeleito uma vez e n\u00e3o poder\u00e1 ser candidato. Os irm\u00e3os Ciro e Cid Gomes tamb\u00e9m t\u00eam papel importante na indica\u00e7\u00e3o do candidato pedetista na sucess\u00e3o. A escolha deve ser feita at\u00e9 mar\u00e7o do pr\u00f3ximo ano.<br>\nO fato \u00e9 que Cid Gomes tamb\u00e9m deve come\u00e7ar a cuidar das articula\u00e7\u00f5es pol\u00edticas quanto as alian\u00e7as para as elei\u00e7\u00f5es municipais n\u00e3o s\u00f3 na Capital, como tamb\u00e9m no interior, onde o PDT deve encabe\u00e7ar chapa em v\u00e1rias cidades.<br>\nDurante os 120 dias de licen\u00e7a do Senado Federal, vai assumir o mandato de senador Prisco Bezerra, que \u00e9 o suplente de Cid Gomes. Ele \u00e9 irm\u00e3o do prefeito da Capital, Roberto Cl\u00e1udio. O afastamento de Cid come\u00e7a no dia 11 de dezembro. Prisco Bezerra se junta aos outros dois representantes do Cear\u00e1 no Senado: Tasso Jereissati e Lu\u00eds Eduardo Gir\u00e3o.<\/p>\n\n\n\n<figure class=\"wp-block-gallery columns-1 is-cropped wp-block-gallery-1 is-layout-flex wp-block-gallery-is-layout-flex\"><ul class=\"blocks-gallery-grid\"><li class=\"blocks-gallery-item\"><figure><img loading=\"lazy\" decoding=\"async\" width=\"567\" height=\"415\" src=\"http:\/\/blogdorogeriogomes.com.br\/wp-content\/uploads\/2019\/12\/IMG_20191204_170942_071.jpg\" alt=\"\" data-id=\"14911\" data-full-url=\"http:\/\/blogdorogeriogomes.com.br\/wp-content\/uploads\/2019\/12\/IMG_20191204_170942_071.jpg\" data-link=\"http:\/\/blogdorogeriogomes.com.br\/?attachment_id=14911\" class=\"wp-image-14911\" srcset=\"https:\/\/blogdorogeriogomes.com.br\/noticias\/wp-content\/uploads\/2019\/12\/IMG_20191204_170942_071.jpg 567w, https:\/\/blogdorogeriogomes.com.br\/noticias\/wp-content\/uploads\/2019\/12\/IMG_20191204_170942_071-300x220.jpg 300w\" sizes=\"auto, (max-width: 567px) 100vw, 567px\" \/><\/figure><\/li><\/ul><\/figure>\n","protected":false},"excerpt":{"rendered":"<p>O an\u00fancio do pedido de licen\u00e7a do senador Cid Gomes (PDT) por 120 dias do mandato foi o suficiente para gerar mil e uma especula\u00e7\u00f5es em torno da sucess\u00e3o municipal de 2020, principalmente, em Fortaleza. Como todos sabem, o atual prefeito Roberto Cl\u00e1udio (PDT) j\u00e1 foi reeleito uma vez e n\u00e3o poder\u00e1 ser candidato. Os irm\u00e3os Ciro e Cid Gomes tamb\u00e9m t\u00eam papel importante na indica\u00e7\u00e3o do candidato pedetista na sucess\u00e3o. A escolha deve ser feita at\u00e9 mar\u00e7o do&hellip;<\/p>\n","protected":false},"author":1,"featured_media":14911,"comment_status":"open","ping_status":"open","sticky":false,"template":"","format":"standard","meta":{"footnotes":""},"categories":[1],"tags":[],"class_list":["post-14910","post","type-post","status-publish","format-standard","has-post-thumbnail","hentry","category-noticias"],"_links":{"self":[{"href":"https:\/\/blogdorogeriogomes.com.br\/noticias\/wp-json\/wp\/v2\/posts\/14910","targetHints":{"allow":["GET"]}}],"collection":[{"href":"https:\/\/blogdorogeriogomes.com.br\/noticias\/wp-json\/wp\/v2\/posts"}],"about":[{"href":"https:\/\/blogdorogeriogomes.com.br\/noticias\/wp-json\/wp\/v2\/types\/post"}],"author":[{"embeddable":true,"href":"https:\/\/blogdorogeriogomes.com.br\/noticias\/wp-json\/wp\/v2\/users\/1"}],"replies":[{"embeddable":true,"href":"https:\/\/blogdorogeriogomes.com.br\/noticias\/wp-json\/wp\/v2\/comments?post=14910"}],"version-history":[{"count":1,"href":"https:\/\/blogdorogeriogomes.com.br\/noticias\/wp-json\/wp\/v2\/posts\/14910\/revisions"}],"predecessor-version":[{"id":14912,"href":"https:\/\/blogdorogeriogomes.com.br\/noticias\/wp-json\/wp\/v2\/posts\/14910\/revisions\/14912"}],"wp:featuredmedia":[{"embeddable":true,"href":"https:\/\/blogdorogeriogomes.com.br\/noticias\/wp-json\/wp\/v2\/media\/14911"}],"wp:attachment":[{"href":"https:\/\/blogdorogeriogomes.com.br\/noticias\/wp-json\/wp\/v2\/media?parent=14910"}],"wp:term":[{"taxonomy":"category","embeddable":true,"href":"https:\/\/blogdorogeriogomes.com.br\/noticias\/wp-json\/wp\/v2\/categories?post=14910"},{"taxonomy":"post_tag","embeddable":true,"href":"https:\/\/blogdorogeriogomes.com.br\/noticias\/wp-json\/wp\/v2\/tags?post=14910"}],"curies":[{"name":"wp","href":"https:\/\/api.w.org\/{rel}","templated":true}]}}