{"id":14913,"date":"2019-12-04T22:30:29","date_gmt":"2019-12-04T22:30:29","guid":{"rendered":"http:\/\/blogdorogeriogomes.com.br\/?p=14913"},"modified":"2019-12-04T22:34:44","modified_gmt":"2019-12-04T22:34:44","slug":"camilo-santana-recebe-visita-do-vice-presidente-hamilton-mourao-no-palacio-da-abolicao","status":"publish","type":"post","link":"https:\/\/blogdorogeriogomes.com.br\/noticias\/2019\/12\/camilo-santana-recebe-visita-do-vice-presidente-hamilton-mourao-no-palacio-da-abolicao\/","title":{"rendered":"Camilo Santana recebe visita do vice-presidente Hamilton Mour\u00e3o no Pal\u00e1cio da Aboli\u00e7\u00e3o"},"content":{"rendered":"\n<p>O governador do Cear\u00e1, Camilo Santana, recebeu o vice-presidente da Rep\u00fablica, Hamilton Mour\u00e3o, no Pal\u00e1cio da Aboli\u00e7\u00e3o, na tarde desta quarta-feira, dia 4 de dezembro. Na pauta do encontro, Camilo apresentou a estrat\u00e9gia de crescimento e desenvolvimento do Estado por meio dos HUBs a\u00e9reo, portu\u00e1rio e tecnol\u00f3gico.<br>\nO governador e o vice-presidente tamb\u00e9m conversaram sobre os resultados do investimento do Governo do Cear\u00e1 em educa\u00e7\u00e3o e seguran\u00e7a p\u00fablica, a import\u00e2ncia da utiliza\u00e7\u00e3o das energias renov\u00e1veis e da economia do mar para o Estado e Regi\u00e3o Nordeste. <br>\nAinda nesta quarta-feira, o vice-presidente Hamilton Mour\u00e3o ministra palestra na Federa\u00e7\u00e3o das ind\u00fastrias do Estado do Cear\u00e1 (Fiec).<\/p>\n\n\n\n<figure class=\"wp-block-gallery columns-1 is-cropped wp-block-gallery-1 is-layout-flex wp-block-gallery-is-layout-flex\"><ul class=\"blocks-gallery-grid\"><li class=\"blocks-gallery-item\"><figure><img loading=\"lazy\" decoding=\"async\" width=\"942\" height=\"684\" src=\"http:\/\/blogdorogeriogomes.com.br\/wp-content\/uploads\/2019\/12\/IMG_20191204_192529_306.jpg\" alt=\"\" data-id=\"14915\" data-full-url=\"http:\/\/blogdorogeriogomes.com.br\/wp-content\/uploads\/2019\/12\/IMG_20191204_192529_306.jpg\" data-link=\"http:\/\/blogdorogeriogomes.com.br\/?attachment_id=14915\" class=\"wp-image-14915\" srcset=\"https:\/\/blogdorogeriogomes.com.br\/noticias\/wp-content\/uploads\/2019\/12\/IMG_20191204_192529_306.jpg 942w, https:\/\/blogdorogeriogomes.com.br\/noticias\/wp-content\/uploads\/2019\/12\/IMG_20191204_192529_306-300x218.jpg 300w, https:\/\/blogdorogeriogomes.com.br\/noticias\/wp-content\/uploads\/2019\/12\/IMG_20191204_192529_306-768x558.jpg 768w, https:\/\/blogdorogeriogomes.com.br\/noticias\/wp-content\/uploads\/2019\/12\/IMG_20191204_192529_306-800x581.jpg 800w\" sizes=\"auto, (max-width: 942px) 100vw, 942px\" \/><\/figure><\/li><\/ul><\/figure>\n","protected":false},"excerpt":{"rendered":"<p>O governador do Cear\u00e1, Camilo Santana, recebeu o vice-presidente da Rep\u00fablica, Hamilton Mour\u00e3o, no Pal\u00e1cio da Aboli\u00e7\u00e3o, na tarde desta quarta-feira, dia 4 de dezembro. Na pauta do encontro, Camilo apresentou a estrat\u00e9gia de crescimento e desenvolvimento do Estado por meio dos HUBs a\u00e9reo, portu\u00e1rio e tecnol\u00f3gico. O governador e o vice-presidente tamb\u00e9m conversaram sobre os resultados do investimento do Governo do Cear\u00e1 em educa\u00e7\u00e3o e seguran\u00e7a p\u00fablica, a import\u00e2ncia da utiliza\u00e7\u00e3o das energias renov\u00e1veis e da economia do&hellip;<\/p>\n","protected":false},"author":1,"featured_media":14915,"comment_status":"open","ping_status":"open","sticky":false,"template":"","format":"standard","meta":{"footnotes":""},"categories":[1],"tags":[],"class_list":["post-14913","post","type-post","status-publish","format-standard","has-post-thumbnail","hentry","category-noticias"],"_links":{"self":[{"href":"https:\/\/blogdorogeriogomes.com.br\/noticias\/wp-json\/wp\/v2\/posts\/14913","targetHints":{"allow":["GET"]}}],"collection":[{"href":"https:\/\/blogdorogeriogomes.com.br\/noticias\/wp-json\/wp\/v2\/posts"}],"about":[{"href":"https:\/\/blogdorogeriogomes.com.br\/noticias\/wp-json\/wp\/v2\/types\/post"}],"author":[{"embeddable":true,"href":"https:\/\/blogdorogeriogomes.com.br\/noticias\/wp-json\/wp\/v2\/users\/1"}],"replies":[{"embeddable":true,"href":"https:\/\/blogdorogeriogomes.com.br\/noticias\/wp-json\/wp\/v2\/comments?post=14913"}],"version-history":[{"count":1,"href":"https:\/\/blogdorogeriogomes.com.br\/noticias\/wp-json\/wp\/v2\/posts\/14913\/revisions"}],"predecessor-version":[{"id":14916,"href":"https:\/\/blogdorogeriogomes.com.br\/noticias\/wp-json\/wp\/v2\/posts\/14913\/revisions\/14916"}],"wp:featuredmedia":[{"embeddable":true,"href":"https:\/\/blogdorogeriogomes.com.br\/noticias\/wp-json\/wp\/v2\/media\/14915"}],"wp:attachment":[{"href":"https:\/\/blogdorogeriogomes.com.br\/noticias\/wp-json\/wp\/v2\/media?parent=14913"}],"wp:term":[{"taxonomy":"category","embeddable":true,"href":"https:\/\/blogdorogeriogomes.com.br\/noticias\/wp-json\/wp\/v2\/categories?post=14913"},{"taxonomy":"post_tag","embeddable":true,"href":"https:\/\/blogdorogeriogomes.com.br\/noticias\/wp-json\/wp\/v2\/tags?post=14913"}],"curies":[{"name":"wp","href":"https:\/\/api.w.org\/{rel}","templated":true}]}}