{"id":14924,"date":"2019-12-05T19:45:53","date_gmt":"2019-12-05T19:45:53","guid":{"rendered":"http:\/\/blogdorogeriogomes.com.br\/?p=14924"},"modified":"2019-12-05T20:56:53","modified_gmt":"2019-12-05T20:56:53","slug":"grupo-de-policiais-militares-e-bombeiros-reivindica-melhoria-salarial-na-assembleia-legislativa","status":"publish","type":"post","link":"https:\/\/blogdorogeriogomes.com.br\/noticias\/2019\/12\/grupo-de-policiais-militares-e-bombeiros-reivindica-melhoria-salarial-na-assembleia-legislativa\/","title":{"rendered":"Grupo de policiais militares e bombeiros reivindica melhoria salarial na Assembleia Legislativa"},"content":{"rendered":"\n<p>Um grupo formado por policiais militares e bombeiros esteve, nesta quinta-feira, dia 5 de dezembro, nas galerias da Assembleia Legislativa do Cear\u00e1, reivindicando melhoria salarial. No plen\u00e1rio, o deputado estadual Soldado Noelio veio em defesa do grupo ao cobrar reajustes para os militares por parte do Governo do Estado.<br>\nA Secretaria da Seguran\u00e7a P\u00fablica e Defesa Social (SSPDS) diz j\u00e1 terem sido implantadas duas comiss\u00f5es para elaborar propostas de aumento das remunera\u00e7\u00f5es para policiais e bombeiros militares, al\u00e9m de policiais civis e peritos.<br>\nSegundo o l\u00edder do Governo na Assembleia Legislativa, J\u00falio C\u00e9sar Filho, \u00e9 necess\u00e1rio fazer um estudo do impacto do reajuste na folha de pagamento estadual. \u201cA gente tem que fazer uma coisa com responsabilidade, com cuidado para que passe longe da possibilidade de descontrole das contas p\u00fablicas\u201d, disse.<\/p>\n\n\n\n<figure class=\"wp-block-gallery columns-1 is-cropped wp-block-gallery-1 is-layout-flex wp-block-gallery-is-layout-flex\"><ul class=\"blocks-gallery-grid\"><li class=\"blocks-gallery-item\"><figure><img loading=\"lazy\" decoding=\"async\" width=\"893\" height=\"600\" src=\"http:\/\/blogdorogeriogomes.com.br\/wp-content\/uploads\/2019\/12\/IMG_20191205_164055_009.jpg\" alt=\"\" data-id=\"14926\" data-full-url=\"http:\/\/blogdorogeriogomes.com.br\/wp-content\/uploads\/2019\/12\/IMG_20191205_164055_009.jpg\" data-link=\"http:\/\/blogdorogeriogomes.com.br\/?attachment_id=14926\" class=\"wp-image-14926\" srcset=\"https:\/\/blogdorogeriogomes.com.br\/noticias\/wp-content\/uploads\/2019\/12\/IMG_20191205_164055_009.jpg 893w, https:\/\/blogdorogeriogomes.com.br\/noticias\/wp-content\/uploads\/2019\/12\/IMG_20191205_164055_009-300x202.jpg 300w, https:\/\/blogdorogeriogomes.com.br\/noticias\/wp-content\/uploads\/2019\/12\/IMG_20191205_164055_009-768x516.jpg 768w, https:\/\/blogdorogeriogomes.com.br\/noticias\/wp-content\/uploads\/2019\/12\/IMG_20191205_164055_009-800x538.jpg 800w\" sizes=\"auto, (max-width: 893px) 100vw, 893px\" \/><\/figure><\/li><\/ul><\/figure>\n","protected":false},"excerpt":{"rendered":"<p>Um grupo formado por policiais militares e bombeiros esteve, nesta quinta-feira, dia 5 de dezembro, nas galerias da Assembleia Legislativa do Cear\u00e1, reivindicando melhoria salarial. No plen\u00e1rio, o deputado estadual Soldado Noelio veio em defesa do grupo ao cobrar reajustes para os militares por parte do Governo do Estado. A Secretaria da Seguran\u00e7a P\u00fablica e Defesa Social (SSPDS) diz j\u00e1 terem sido implantadas duas comiss\u00f5es para elaborar propostas de aumento das remunera\u00e7\u00f5es para policiais e bombeiros militares, al\u00e9m de&hellip;<\/p>\n","protected":false},"author":1,"featured_media":14926,"comment_status":"open","ping_status":"open","sticky":false,"template":"","format":"standard","meta":{"footnotes":""},"categories":[1],"tags":[],"class_list":["post-14924","post","type-post","status-publish","format-standard","has-post-thumbnail","hentry","category-noticias"],"_links":{"self":[{"href":"https:\/\/blogdorogeriogomes.com.br\/noticias\/wp-json\/wp\/v2\/posts\/14924","targetHints":{"allow":["GET"]}}],"collection":[{"href":"https:\/\/blogdorogeriogomes.com.br\/noticias\/wp-json\/wp\/v2\/posts"}],"about":[{"href":"https:\/\/blogdorogeriogomes.com.br\/noticias\/wp-json\/wp\/v2\/types\/post"}],"author":[{"embeddable":true,"href":"https:\/\/blogdorogeriogomes.com.br\/noticias\/wp-json\/wp\/v2\/users\/1"}],"replies":[{"embeddable":true,"href":"https:\/\/blogdorogeriogomes.com.br\/noticias\/wp-json\/wp\/v2\/comments?post=14924"}],"version-history":[{"count":1,"href":"https:\/\/blogdorogeriogomes.com.br\/noticias\/wp-json\/wp\/v2\/posts\/14924\/revisions"}],"predecessor-version":[{"id":14927,"href":"https:\/\/blogdorogeriogomes.com.br\/noticias\/wp-json\/wp\/v2\/posts\/14924\/revisions\/14927"}],"wp:featuredmedia":[{"embeddable":true,"href":"https:\/\/blogdorogeriogomes.com.br\/noticias\/wp-json\/wp\/v2\/media\/14926"}],"wp:attachment":[{"href":"https:\/\/blogdorogeriogomes.com.br\/noticias\/wp-json\/wp\/v2\/media?parent=14924"}],"wp:term":[{"taxonomy":"category","embeddable":true,"href":"https:\/\/blogdorogeriogomes.com.br\/noticias\/wp-json\/wp\/v2\/categories?post=14924"},{"taxonomy":"post_tag","embeddable":true,"href":"https:\/\/blogdorogeriogomes.com.br\/noticias\/wp-json\/wp\/v2\/tags?post=14924"}],"curies":[{"name":"wp","href":"https:\/\/api.w.org\/{rel}","templated":true}]}}