{"id":14928,"date":"2019-12-05T20:47:17","date_gmt":"2019-12-05T20:47:17","guid":{"rendered":"http:\/\/blogdorogeriogomes.com.br\/?p=14928"},"modified":"2019-12-05T20:56:34","modified_gmt":"2019-12-05T20:56:34","slug":"camilo-santana-reune-secretariado-estadual-para-tracar-planejamento-para-2020","status":"publish","type":"post","link":"https:\/\/blogdorogeriogomes.com.br\/noticias\/2019\/12\/camilo-santana-reune-secretariado-estadual-para-tracar-planejamento-para-2020\/","title":{"rendered":"Camilo Santana re\u00fane secretariado estadual para tra\u00e7ar planejamento para 2020"},"content":{"rendered":"\n<p>O governador do Cear\u00e1, Camilo Santana, vai realizar a \u00faltima reuni\u00e3o geral de 2019 com os secret\u00e1rios de Estado e presidentes de \u00f3rg\u00e3os vinculados, nesta sexta-feira, dia 6 de dezembro, e s\u00e1bado, dia 7, no Pal\u00e1cio da Aboli\u00e7\u00e3o, em Fortaleza.<br>\nO objetivo do encontro com o secretariado estadual \u00e9 fazer uma avalia\u00e7\u00e3o das a\u00e7\u00f5es desenvolvidas ao longo deste ano e tra\u00e7ar o planejamento para 2020.<br>\nAinda em outubro passado, o Governo do Estado do Cear\u00e1 encaminhou, para an\u00e1lise e vota\u00e7\u00e3o na Assembleia Legislativa, o Projeto de Lei Or\u00e7ament\u00e1ria Anual 2020, com um or\u00e7amento total de R$ 28,8 bilh\u00f5es. Entre projetos importantes contemplados no or\u00e7amento est\u00e3o a conclus\u00e3o do VLT Parangaba-Mucuripe, da pavimenta\u00e7\u00e3o e duplica\u00e7\u00e3o de rodovias, da implanta\u00e7\u00e3o da Linha Leste do Metr\u00f4 de Fortaleza e do aperfei\u00e7oamento do controle de tr\u00e2nsito de mercadorias.<\/p>\n\n\n\n<figure class=\"wp-block-gallery columns-1 is-cropped wp-block-gallery-1 is-layout-flex wp-block-gallery-is-layout-flex\"><ul class=\"blocks-gallery-grid\"><li class=\"blocks-gallery-item\"><figure><img loading=\"lazy\" decoding=\"async\" width=\"566\" height=\"452\" src=\"http:\/\/blogdorogeriogomes.com.br\/wp-content\/uploads\/2019\/12\/IMG_20191205_174321_923.jpg\" alt=\"\" data-id=\"14930\" data-full-url=\"http:\/\/blogdorogeriogomes.com.br\/wp-content\/uploads\/2019\/12\/IMG_20191205_174321_923.jpg\" data-link=\"http:\/\/blogdorogeriogomes.com.br\/?attachment_id=14930\" class=\"wp-image-14930\" srcset=\"https:\/\/blogdorogeriogomes.com.br\/noticias\/wp-content\/uploads\/2019\/12\/IMG_20191205_174321_923.jpg 566w, https:\/\/blogdorogeriogomes.com.br\/noticias\/wp-content\/uploads\/2019\/12\/IMG_20191205_174321_923-300x240.jpg 300w\" sizes=\"auto, (max-width: 566px) 100vw, 566px\" \/><\/figure><\/li><\/ul><\/figure>\n","protected":false},"excerpt":{"rendered":"<p>O governador do Cear\u00e1, Camilo Santana, vai realizar a \u00faltima reuni\u00e3o geral de 2019 com os secret\u00e1rios de Estado e presidentes de \u00f3rg\u00e3os vinculados, nesta sexta-feira, dia 6 de dezembro, e s\u00e1bado, dia 7, no Pal\u00e1cio da Aboli\u00e7\u00e3o, em Fortaleza. O objetivo do encontro com o secretariado estadual \u00e9 fazer uma avalia\u00e7\u00e3o das a\u00e7\u00f5es desenvolvidas ao longo deste ano e tra\u00e7ar o planejamento para 2020. Ainda em outubro passado, o Governo do Estado do Cear\u00e1 encaminhou, para an\u00e1lise e&hellip;<\/p>\n","protected":false},"author":1,"featured_media":14930,"comment_status":"open","ping_status":"open","sticky":false,"template":"","format":"standard","meta":{"footnotes":""},"categories":[1],"tags":[],"class_list":["post-14928","post","type-post","status-publish","format-standard","has-post-thumbnail","hentry","category-noticias"],"_links":{"self":[{"href":"https:\/\/blogdorogeriogomes.com.br\/noticias\/wp-json\/wp\/v2\/posts\/14928","targetHints":{"allow":["GET"]}}],"collection":[{"href":"https:\/\/blogdorogeriogomes.com.br\/noticias\/wp-json\/wp\/v2\/posts"}],"about":[{"href":"https:\/\/blogdorogeriogomes.com.br\/noticias\/wp-json\/wp\/v2\/types\/post"}],"author":[{"embeddable":true,"href":"https:\/\/blogdorogeriogomes.com.br\/noticias\/wp-json\/wp\/v2\/users\/1"}],"replies":[{"embeddable":true,"href":"https:\/\/blogdorogeriogomes.com.br\/noticias\/wp-json\/wp\/v2\/comments?post=14928"}],"version-history":[{"count":1,"href":"https:\/\/blogdorogeriogomes.com.br\/noticias\/wp-json\/wp\/v2\/posts\/14928\/revisions"}],"predecessor-version":[{"id":14931,"href":"https:\/\/blogdorogeriogomes.com.br\/noticias\/wp-json\/wp\/v2\/posts\/14928\/revisions\/14931"}],"wp:featuredmedia":[{"embeddable":true,"href":"https:\/\/blogdorogeriogomes.com.br\/noticias\/wp-json\/wp\/v2\/media\/14930"}],"wp:attachment":[{"href":"https:\/\/blogdorogeriogomes.com.br\/noticias\/wp-json\/wp\/v2\/media?parent=14928"}],"wp:term":[{"taxonomy":"category","embeddable":true,"href":"https:\/\/blogdorogeriogomes.com.br\/noticias\/wp-json\/wp\/v2\/categories?post=14928"},{"taxonomy":"post_tag","embeddable":true,"href":"https:\/\/blogdorogeriogomes.com.br\/noticias\/wp-json\/wp\/v2\/tags?post=14928"}],"curies":[{"name":"wp","href":"https:\/\/api.w.org\/{rel}","templated":true}]}}