{"id":14932,"date":"2019-12-06T08:34:47","date_gmt":"2019-12-06T08:34:47","guid":{"rendered":"http:\/\/blogdorogeriogomes.com.br\/?p=14932"},"modified":"2019-12-06T14:01:17","modified_gmt":"2019-12-06T14:01:17","slug":"assembleia-legislativa-lanca-pacto-pelo-saneamento-basico-nesta-sexta-feira","status":"publish","type":"post","link":"https:\/\/blogdorogeriogomes.com.br\/noticias\/2019\/12\/assembleia-legislativa-lanca-pacto-pelo-saneamento-basico-nesta-sexta-feira\/","title":{"rendered":"Assembleia Legislativa lan\u00e7a Pacto pelo Saneamento B\u00e1sico nesta sexta-feira"},"content":{"rendered":"\n<p>O presidente da Assembleia Legislativa do Cear\u00e1, Jos\u00e9 Sarto, lan\u00e7a, nesta sexta-feira, dia 6 de dezembro, o Pacto pelo Saneamento B\u00e1sico. A constru\u00e7\u00e3o da proposta conta com a participa\u00e7\u00e3o de associa\u00e7\u00f5es, institui\u00e7\u00f5es e \u00f3rg\u00e3os dos governos Estadual e Municipal.<br>\nA iniciativa objetiva promover a integra\u00e7\u00e3o institucional e fortalecer a pol\u00edtica p\u00fablica de saneamento b\u00e1sico, visando \u00e0 universaliza\u00e7\u00e3o dos servi\u00e7os. O pacto ser\u00e1 desenvolvido por etapas, sendo a primeira a elabora\u00e7\u00e3o de um documento intitulado \u201cIniciando o Di\u00e1logo\u201d, seguido da cria\u00e7\u00e3o de outro, cujo t\u00edtulo \u00e9 \u201cCen\u00e1rio Atual do Saneamento B\u00e1sico no Cear\u00e1\u201d. Por \u00faltimo, haver\u00e1 a fase de constitui\u00e7\u00e3o do \u201cPlano Estrat\u00e9gico de Saneamento B\u00e1sico\u201d e \u201cCadernos por Eixos Tem\u00e1ticos\u201d.<br>\nJos\u00e9 Sarto informa que o pacto pretende reunir atores envolvidos, sensibilizar para o tema, debater estrat\u00e9gias e somar for\u00e7as para ampliar a oferta do servi\u00e7o, consolidando o papel do Poder Legislativo em debater pol\u00edticas para o bem-estar do povo cearense.<br>\nA metodologia ser\u00e1 a mesma utilizada nos pactos anteriores desenvolvidos na AL (Pacto pela Vida, das \u00c1guas, pela Conviv\u00eancia com o Semi\u00e1rido e pelo Pec\u00e9m), em uma articula\u00e7\u00e3o que envolve institui\u00e7\u00f5es estaduais governamentais, federais e internacionais e a sociedade.<\/p>\n\n\n\n<figure class=\"wp-block-gallery columns-1 is-cropped wp-block-gallery-1 is-layout-flex wp-block-gallery-is-layout-flex\"><ul class=\"blocks-gallery-grid\"><li class=\"blocks-gallery-item\"><figure><img loading=\"lazy\" decoding=\"async\" width=\"537\" height=\"600\" src=\"http:\/\/blogdorogeriogomes.com.br\/wp-content\/uploads\/2019\/12\/IMG_20191206_052820_169.jpg\" alt=\"\" data-id=\"14933\" data-full-url=\"http:\/\/blogdorogeriogomes.com.br\/wp-content\/uploads\/2019\/12\/IMG_20191206_052820_169.jpg\" data-link=\"http:\/\/blogdorogeriogomes.com.br\/?attachment_id=14933\" class=\"wp-image-14933\" srcset=\"https:\/\/blogdorogeriogomes.com.br\/noticias\/wp-content\/uploads\/2019\/12\/IMG_20191206_052820_169.jpg 537w, https:\/\/blogdorogeriogomes.com.br\/noticias\/wp-content\/uploads\/2019\/12\/IMG_20191206_052820_169-269x300.jpg 269w\" sizes=\"auto, (max-width: 537px) 100vw, 537px\" \/><\/figure><\/li><\/ul><\/figure>\n","protected":false},"excerpt":{"rendered":"<p>O presidente da Assembleia Legislativa do Cear\u00e1, Jos\u00e9 Sarto, lan\u00e7a, nesta sexta-feira, dia 6 de dezembro, o Pacto pelo Saneamento B\u00e1sico. A constru\u00e7\u00e3o da proposta conta com a participa\u00e7\u00e3o de associa\u00e7\u00f5es, institui\u00e7\u00f5es e \u00f3rg\u00e3os dos governos Estadual e Municipal. A iniciativa objetiva promover a integra\u00e7\u00e3o institucional e fortalecer a pol\u00edtica p\u00fablica de saneamento b\u00e1sico, visando \u00e0 universaliza\u00e7\u00e3o dos servi\u00e7os. O pacto ser\u00e1 desenvolvido por etapas, sendo a primeira a elabora\u00e7\u00e3o de um documento intitulado \u201cIniciando o Di\u00e1logo\u201d, seguido da&hellip;<\/p>\n","protected":false},"author":1,"featured_media":14933,"comment_status":"open","ping_status":"open","sticky":false,"template":"","format":"standard","meta":{"footnotes":""},"categories":[1],"tags":[],"class_list":["post-14932","post","type-post","status-publish","format-standard","has-post-thumbnail","hentry","category-noticias"],"_links":{"self":[{"href":"https:\/\/blogdorogeriogomes.com.br\/noticias\/wp-json\/wp\/v2\/posts\/14932","targetHints":{"allow":["GET"]}}],"collection":[{"href":"https:\/\/blogdorogeriogomes.com.br\/noticias\/wp-json\/wp\/v2\/posts"}],"about":[{"href":"https:\/\/blogdorogeriogomes.com.br\/noticias\/wp-json\/wp\/v2\/types\/post"}],"author":[{"embeddable":true,"href":"https:\/\/blogdorogeriogomes.com.br\/noticias\/wp-json\/wp\/v2\/users\/1"}],"replies":[{"embeddable":true,"href":"https:\/\/blogdorogeriogomes.com.br\/noticias\/wp-json\/wp\/v2\/comments?post=14932"}],"version-history":[{"count":1,"href":"https:\/\/blogdorogeriogomes.com.br\/noticias\/wp-json\/wp\/v2\/posts\/14932\/revisions"}],"predecessor-version":[{"id":14934,"href":"https:\/\/blogdorogeriogomes.com.br\/noticias\/wp-json\/wp\/v2\/posts\/14932\/revisions\/14934"}],"wp:featuredmedia":[{"embeddable":true,"href":"https:\/\/blogdorogeriogomes.com.br\/noticias\/wp-json\/wp\/v2\/media\/14933"}],"wp:attachment":[{"href":"https:\/\/blogdorogeriogomes.com.br\/noticias\/wp-json\/wp\/v2\/media?parent=14932"}],"wp:term":[{"taxonomy":"category","embeddable":true,"href":"https:\/\/blogdorogeriogomes.com.br\/noticias\/wp-json\/wp\/v2\/categories?post=14932"},{"taxonomy":"post_tag","embeddable":true,"href":"https:\/\/blogdorogeriogomes.com.br\/noticias\/wp-json\/wp\/v2\/tags?post=14932"}],"curies":[{"name":"wp","href":"https:\/\/api.w.org\/{rel}","templated":true}]}}