{"id":14943,"date":"2019-12-07T18:58:48","date_gmt":"2019-12-07T18:58:48","guid":{"rendered":"http:\/\/blogdorogeriogomes.com.br\/?p=14943"},"modified":"2019-12-08T19:08:43","modified_gmt":"2019-12-08T19:08:43","slug":"guarda-municipal-de-fortaleza-recebe-reforco-de-45-veiculos-e-90-motocicletas","status":"publish","type":"post","link":"https:\/\/blogdorogeriogomes.com.br\/noticias\/2019\/12\/guarda-municipal-de-fortaleza-recebe-reforco-de-45-veiculos-e-90-motocicletas\/","title":{"rendered":"Guarda Municipal de Fortaleza recebe refor\u00e7o de 45 ve\u00edculos e 90 motocicletas"},"content":{"rendered":"\n<p>A atua\u00e7\u00e3o da Guarda Municipal de Fortaleza ganhou um refor\u00e7o com 45 novas viaturas e 90 motocicletas \u00e0 corpora\u00e7\u00e3o. O prefeito Roberto Cl\u00e1udio e o vice-prefeito Moroni Torgan entregaram os novos ve\u00edculos nesta sexta-feira, dia 6 de dezembro.<\/p>\n\n\n\n<p>A iniciativa ir\u00e1 refor\u00e7ar o patrulhamento no entorno das C\u00e9lulas de Prote\u00e7\u00e3o Comunit\u00e1ria distribu\u00eddas pela Capital. As demais inspetorias da Guarda Municipal tamb\u00e9m ser\u00e3o contempladas. As viaturas s\u00e3o dos modelos Spin, Duster e Prisma. J\u00e1 as motocicletas s\u00e3o do modelo XRE 300.<\/p>\n\n\n\n<figure class=\"wp-block-gallery columns-1 is-cropped wp-block-gallery-1 is-layout-flex wp-block-gallery-is-layout-flex\"><ul class=\"blocks-gallery-grid\"><li class=\"blocks-gallery-item\"><figure><img loading=\"lazy\" decoding=\"async\" width=\"1024\" height=\"602\" src=\"http:\/\/blogdorogeriogomes.com.br\/wp-content\/uploads\/2019\/12\/Entrega-novas-viaturas-GMF-0612_Kiko-Silva-1024x602.jpeg\" alt=\"\" data-id=\"14944\" data-full-url=\"http:\/\/blogdorogeriogomes.com.br\/wp-content\/uploads\/2019\/12\/Entrega-novas-viaturas-GMF-0612_Kiko-Silva-scaled.jpeg\" data-link=\"http:\/\/blogdorogeriogomes.com.br\/?attachment_id=14944\" class=\"wp-image-14944\" srcset=\"https:\/\/blogdorogeriogomes.com.br\/noticias\/wp-content\/uploads\/2019\/12\/Entrega-novas-viaturas-GMF-0612_Kiko-Silva-1024x602.jpeg 1024w, https:\/\/blogdorogeriogomes.com.br\/noticias\/wp-content\/uploads\/2019\/12\/Entrega-novas-viaturas-GMF-0612_Kiko-Silva-300x176.jpeg 300w, https:\/\/blogdorogeriogomes.com.br\/noticias\/wp-content\/uploads\/2019\/12\/Entrega-novas-viaturas-GMF-0612_Kiko-Silva-768x451.jpeg 768w, https:\/\/blogdorogeriogomes.com.br\/noticias\/wp-content\/uploads\/2019\/12\/Entrega-novas-viaturas-GMF-0612_Kiko-Silva-1536x902.jpeg 1536w, https:\/\/blogdorogeriogomes.com.br\/noticias\/wp-content\/uploads\/2019\/12\/Entrega-novas-viaturas-GMF-0612_Kiko-Silva-2048x1203.jpeg 2048w, https:\/\/blogdorogeriogomes.com.br\/noticias\/wp-content\/uploads\/2019\/12\/Entrega-novas-viaturas-GMF-0612_Kiko-Silva-800x470.jpeg 800w\" sizes=\"auto, (max-width: 1024px) 100vw, 1024px\" \/><\/figure><\/li><\/ul><\/figure>\n","protected":false},"excerpt":{"rendered":"<p>A atua\u00e7\u00e3o da Guarda Municipal de Fortaleza ganhou um refor\u00e7o com 45 novas viaturas e 90 motocicletas \u00e0 corpora\u00e7\u00e3o. O prefeito Roberto Cl\u00e1udio e o vice-prefeito Moroni Torgan entregaram os novos ve\u00edculos nesta sexta-feira, dia 6 de dezembro. A iniciativa ir\u00e1 refor\u00e7ar o patrulhamento no entorno das C\u00e9lulas de Prote\u00e7\u00e3o Comunit\u00e1ria distribu\u00eddas pela Capital. As demais inspetorias da Guarda Municipal tamb\u00e9m ser\u00e3o contempladas. As viaturas s\u00e3o dos modelos Spin, Duster e Prisma. J\u00e1 as motocicletas s\u00e3o do modelo XRE&hellip;<\/p>\n","protected":false},"author":1,"featured_media":14944,"comment_status":"open","ping_status":"open","sticky":false,"template":"","format":"standard","meta":{"footnotes":""},"categories":[1],"tags":[],"class_list":["post-14943","post","type-post","status-publish","format-standard","has-post-thumbnail","hentry","category-noticias"],"_links":{"self":[{"href":"https:\/\/blogdorogeriogomes.com.br\/noticias\/wp-json\/wp\/v2\/posts\/14943","targetHints":{"allow":["GET"]}}],"collection":[{"href":"https:\/\/blogdorogeriogomes.com.br\/noticias\/wp-json\/wp\/v2\/posts"}],"about":[{"href":"https:\/\/blogdorogeriogomes.com.br\/noticias\/wp-json\/wp\/v2\/types\/post"}],"author":[{"embeddable":true,"href":"https:\/\/blogdorogeriogomes.com.br\/noticias\/wp-json\/wp\/v2\/users\/1"}],"replies":[{"embeddable":true,"href":"https:\/\/blogdorogeriogomes.com.br\/noticias\/wp-json\/wp\/v2\/comments?post=14943"}],"version-history":[{"count":1,"href":"https:\/\/blogdorogeriogomes.com.br\/noticias\/wp-json\/wp\/v2\/posts\/14943\/revisions"}],"predecessor-version":[{"id":14945,"href":"https:\/\/blogdorogeriogomes.com.br\/noticias\/wp-json\/wp\/v2\/posts\/14943\/revisions\/14945"}],"wp:featuredmedia":[{"embeddable":true,"href":"https:\/\/blogdorogeriogomes.com.br\/noticias\/wp-json\/wp\/v2\/media\/14944"}],"wp:attachment":[{"href":"https:\/\/blogdorogeriogomes.com.br\/noticias\/wp-json\/wp\/v2\/media?parent=14943"}],"wp:term":[{"taxonomy":"category","embeddable":true,"href":"https:\/\/blogdorogeriogomes.com.br\/noticias\/wp-json\/wp\/v2\/categories?post=14943"},{"taxonomy":"post_tag","embeddable":true,"href":"https:\/\/blogdorogeriogomes.com.br\/noticias\/wp-json\/wp\/v2\/tags?post=14943"}],"curies":[{"name":"wp","href":"https:\/\/api.w.org\/{rel}","templated":true}]}}