{"id":14950,"date":"2019-12-09T09:16:32","date_gmt":"2019-12-09T09:16:32","guid":{"rendered":"http:\/\/blogdorogeriogomes.com.br\/?p=14950"},"modified":"2019-12-09T11:05:51","modified_gmt":"2019-12-09T11:05:51","slug":"governo-bolsonaro-decide-nao-enviar-representantes-para-a-posse-de-alberto-fernandez-na-argentina","status":"publish","type":"post","link":"https:\/\/blogdorogeriogomes.com.br\/noticias\/2019\/12\/governo-bolsonaro-decide-nao-enviar-representantes-para-a-posse-de-alberto-fernandez-na-argentina\/","title":{"rendered":"Governo Bolsonaro decide n\u00e3o enviar representantes para a posse de Alberto Fern\u00e1ndez na Argentina"},"content":{"rendered":"\n<p>O Governo Bolsonaro decidiu n\u00e3o enviar representantes para a posse do novo presidente da Argentina, Alberto Fern\u00e1ndez, que acontece nesta ter\u00e7a-feira, dia 10 de dezembro. O ministro da Cidadania do Brasil, Osmar Terra, teve sua ida \u00e0 posse de Alberto Fern\u00e1ndez e Cristina Kirchner, como vice-presidente, cancelada.<br>\nBolsonaro mudou de ideia ap\u00f3s o presidente da C\u00e2mara dos Deputados, Rodrigo Maia, ter viajado \u00e0 Argentina e se reunido com Fern\u00e1ndez na semana passada.<br>\n A Argentina \u00e9 o maior importador de produtos industriais do Brasil. Mesmo assim, Bolsonaro coloca as desaven\u00e7as pol\u00edticas em primeiro plano. &#8220;O sil\u00eancio dos empres\u00e1rios e entidades de representa\u00e7\u00e3o da ind\u00fastria brasileira diante de uma atitude infantil, desqualificada e desastrosa como esta \u00e9 inaceit\u00e1vel&#8221;, diz o ex-ministro Aloizio Mercadante. Ele avalia que entidades empresariais, como a Confedera\u00e7\u00e3o Nacional da Ind\u00fastria e da Federa\u00e7\u00e3o das Ind\u00fastrias de S\u00e3o Paulo, deveriam se manifestar em rela\u00e7\u00e3o a atitude presidencial de boicotar um dos maiores parceiros comerciais do Brasil.<\/p>\n\n\n\n<figure class=\"wp-block-gallery columns-1 is-cropped wp-block-gallery-1 is-layout-flex wp-block-gallery-is-layout-flex\"><ul class=\"blocks-gallery-grid\"><li class=\"blocks-gallery-item\"><figure><img loading=\"lazy\" decoding=\"async\" width=\"600\" height=\"337\" src=\"http:\/\/blogdorogeriogomes.com.br\/wp-content\/uploads\/2019\/12\/images-2019-12-09T061102.062.jpeg\" alt=\"\" data-id=\"14951\" data-full-url=\"http:\/\/blogdorogeriogomes.com.br\/wp-content\/uploads\/2019\/12\/images-2019-12-09T061102.062.jpeg\" data-link=\"http:\/\/blogdorogeriogomes.com.br\/?attachment_id=14951\" class=\"wp-image-14951\" srcset=\"https:\/\/blogdorogeriogomes.com.br\/noticias\/wp-content\/uploads\/2019\/12\/images-2019-12-09T061102.062.jpeg 600w, https:\/\/blogdorogeriogomes.com.br\/noticias\/wp-content\/uploads\/2019\/12\/images-2019-12-09T061102.062-300x169.jpeg 300w\" sizes=\"auto, (max-width: 600px) 100vw, 600px\" \/><\/figure><\/li><\/ul><\/figure>\n","protected":false},"excerpt":{"rendered":"<p>O Governo Bolsonaro decidiu n\u00e3o enviar representantes para a posse do novo presidente da Argentina, Alberto Fern\u00e1ndez, que acontece nesta ter\u00e7a-feira, dia 10 de dezembro. O ministro da Cidadania do Brasil, Osmar Terra, teve sua ida \u00e0 posse de Alberto Fern\u00e1ndez e Cristina Kirchner, como vice-presidente, cancelada. Bolsonaro mudou de ideia ap\u00f3s o presidente da C\u00e2mara dos Deputados, Rodrigo Maia, ter viajado \u00e0 Argentina e se reunido com Fern\u00e1ndez na semana passada. A Argentina \u00e9 o maior importador de&hellip;<\/p>\n","protected":false},"author":1,"featured_media":14951,"comment_status":"open","ping_status":"open","sticky":false,"template":"","format":"standard","meta":{"footnotes":""},"categories":[1],"tags":[],"class_list":["post-14950","post","type-post","status-publish","format-standard","has-post-thumbnail","hentry","category-noticias"],"_links":{"self":[{"href":"https:\/\/blogdorogeriogomes.com.br\/noticias\/wp-json\/wp\/v2\/posts\/14950","targetHints":{"allow":["GET"]}}],"collection":[{"href":"https:\/\/blogdorogeriogomes.com.br\/noticias\/wp-json\/wp\/v2\/posts"}],"about":[{"href":"https:\/\/blogdorogeriogomes.com.br\/noticias\/wp-json\/wp\/v2\/types\/post"}],"author":[{"embeddable":true,"href":"https:\/\/blogdorogeriogomes.com.br\/noticias\/wp-json\/wp\/v2\/users\/1"}],"replies":[{"embeddable":true,"href":"https:\/\/blogdorogeriogomes.com.br\/noticias\/wp-json\/wp\/v2\/comments?post=14950"}],"version-history":[{"count":1,"href":"https:\/\/blogdorogeriogomes.com.br\/noticias\/wp-json\/wp\/v2\/posts\/14950\/revisions"}],"predecessor-version":[{"id":14952,"href":"https:\/\/blogdorogeriogomes.com.br\/noticias\/wp-json\/wp\/v2\/posts\/14950\/revisions\/14952"}],"wp:featuredmedia":[{"embeddable":true,"href":"https:\/\/blogdorogeriogomes.com.br\/noticias\/wp-json\/wp\/v2\/media\/14951"}],"wp:attachment":[{"href":"https:\/\/blogdorogeriogomes.com.br\/noticias\/wp-json\/wp\/v2\/media?parent=14950"}],"wp:term":[{"taxonomy":"category","embeddable":true,"href":"https:\/\/blogdorogeriogomes.com.br\/noticias\/wp-json\/wp\/v2\/categories?post=14950"},{"taxonomy":"post_tag","embeddable":true,"href":"https:\/\/blogdorogeriogomes.com.br\/noticias\/wp-json\/wp\/v2\/tags?post=14950"}],"curies":[{"name":"wp","href":"https:\/\/api.w.org\/{rel}","templated":true}]}}