{"id":14956,"date":"2019-12-09T14:14:34","date_gmt":"2019-12-09T14:14:34","guid":{"rendered":"http:\/\/blogdorogeriogomes.com.br\/?p=14956"},"modified":"2019-12-10T11:38:31","modified_gmt":"2019-12-10T11:38:31","slug":"sesa-empossa-14-novos-profissionais-para-area-da-saude-atraves-do-programa-atracao-de-talentos","status":"publish","type":"post","link":"https:\/\/blogdorogeriogomes.com.br\/noticias\/2019\/12\/sesa-empossa-14-novos-profissionais-para-area-da-saude-atraves-do-programa-atracao-de-talentos\/","title":{"rendered":"Sesa empossa 14 novos profissionais para \u00e1rea da sa\u00fade atrav\u00e9s do Programa Atra\u00e7\u00e3o de Talentos"},"content":{"rendered":"\n<p>A Secretaria de Sa\u00fade do Cear\u00e1 (Sesa) deu posse a 14 profissionais selecionados no Programa Atra\u00e7\u00e3o de Talentos, nesta segunda-feira, dia 9 de dezembro. O objetivo do programa \u00e9 atrair profissionais cada vez mais capacitados para a gest\u00e3o p\u00fablica atrav\u00e9s de uma sele\u00e7\u00e3o para cargos comissionados.<br> De acordo com o secret\u00e1rio de Sa\u00fade do Cear\u00e1, Carlos Roberto Martins Rodrigues Sobrinho (Dr Cabeto), os 14 novos profissionais foram selecionados para atuar na \u00e1rea da sa\u00fade em unidades de Fortaleza, Sobral, Quixad\u00e1, Limoeiro do Norte e Juazeiro do Norte. As fun\u00e7\u00f5es s\u00e3o para coordenador de desenvolvimento institucional e planejamento, coordenador financeiro, coordenador de planejamento or\u00e7ament\u00e1rio e custos, coordenador de gest\u00e3o do trabalho e da educa\u00e7\u00e3o em sa\u00fade, diretor administrativo-financeiro de hospital e superintendente regional de Sa\u00fade. Os profissionais foram selecionados por meio de an\u00e1lise curricular, avalia\u00e7\u00e3o de planos de a\u00e7\u00e3o, teste online e entrevistas por compet\u00eancias com especialistas.O Governo do Estado lan\u00e7ou o Programa Atra\u00e7\u00e3o de Talentos em agosto deste ano. E o objetivo \u00e9 atrair profissionais cada vez mais capacitados para a gest\u00e3o p\u00fablica atrav\u00e9s de uma sele\u00e7\u00e3o para cargos comissionados.<\/p>\n\n\n\n<figure class=\"wp-block-gallery columns-1 is-cropped wp-block-gallery-1 is-layout-flex wp-block-gallery-is-layout-flex\"><ul class=\"blocks-gallery-grid\"><li class=\"blocks-gallery-item\"><figure><img loading=\"lazy\" decoding=\"async\" width=\"739\" height=\"415\" src=\"http:\/\/blogdorogeriogomes.com.br\/wp-content\/uploads\/2019\/12\/images-2019-12-09T110508.190.jpeg\" alt=\"\" data-id=\"14957\" data-full-url=\"http:\/\/blogdorogeriogomes.com.br\/wp-content\/uploads\/2019\/12\/images-2019-12-09T110508.190.jpeg\" data-link=\"http:\/\/blogdorogeriogomes.com.br\/?attachment_id=14957\" class=\"wp-image-14957\" srcset=\"https:\/\/blogdorogeriogomes.com.br\/noticias\/wp-content\/uploads\/2019\/12\/images-2019-12-09T110508.190.jpeg 739w, https:\/\/blogdorogeriogomes.com.br\/noticias\/wp-content\/uploads\/2019\/12\/images-2019-12-09T110508.190-300x168.jpeg 300w\" sizes=\"auto, (max-width: 739px) 100vw, 739px\" \/><\/figure><\/li><\/ul><\/figure>\n","protected":false},"excerpt":{"rendered":"<p>A Secretaria de Sa\u00fade do Cear\u00e1 (Sesa) deu posse a 14 profissionais selecionados no Programa Atra\u00e7\u00e3o de Talentos, nesta segunda-feira, dia 9 de dezembro. O objetivo do programa \u00e9 atrair profissionais cada vez mais capacitados para a gest\u00e3o p\u00fablica atrav\u00e9s de uma sele\u00e7\u00e3o para cargos comissionados. De acordo com o secret\u00e1rio de Sa\u00fade do Cear\u00e1, Carlos Roberto Martins Rodrigues Sobrinho (Dr Cabeto), os 14 novos profissionais foram selecionados para atuar na \u00e1rea da sa\u00fade em unidades de Fortaleza, Sobral,&hellip;<\/p>\n","protected":false},"author":1,"featured_media":14957,"comment_status":"open","ping_status":"open","sticky":false,"template":"","format":"standard","meta":{"footnotes":""},"categories":[1],"tags":[],"class_list":["post-14956","post","type-post","status-publish","format-standard","has-post-thumbnail","hentry","category-noticias"],"_links":{"self":[{"href":"https:\/\/blogdorogeriogomes.com.br\/noticias\/wp-json\/wp\/v2\/posts\/14956","targetHints":{"allow":["GET"]}}],"collection":[{"href":"https:\/\/blogdorogeriogomes.com.br\/noticias\/wp-json\/wp\/v2\/posts"}],"about":[{"href":"https:\/\/blogdorogeriogomes.com.br\/noticias\/wp-json\/wp\/v2\/types\/post"}],"author":[{"embeddable":true,"href":"https:\/\/blogdorogeriogomes.com.br\/noticias\/wp-json\/wp\/v2\/users\/1"}],"replies":[{"embeddable":true,"href":"https:\/\/blogdorogeriogomes.com.br\/noticias\/wp-json\/wp\/v2\/comments?post=14956"}],"version-history":[{"count":1,"href":"https:\/\/blogdorogeriogomes.com.br\/noticias\/wp-json\/wp\/v2\/posts\/14956\/revisions"}],"predecessor-version":[{"id":14958,"href":"https:\/\/blogdorogeriogomes.com.br\/noticias\/wp-json\/wp\/v2\/posts\/14956\/revisions\/14958"}],"wp:featuredmedia":[{"embeddable":true,"href":"https:\/\/blogdorogeriogomes.com.br\/noticias\/wp-json\/wp\/v2\/media\/14957"}],"wp:attachment":[{"href":"https:\/\/blogdorogeriogomes.com.br\/noticias\/wp-json\/wp\/v2\/media?parent=14956"}],"wp:term":[{"taxonomy":"category","embeddable":true,"href":"https:\/\/blogdorogeriogomes.com.br\/noticias\/wp-json\/wp\/v2\/categories?post=14956"},{"taxonomy":"post_tag","embeddable":true,"href":"https:\/\/blogdorogeriogomes.com.br\/noticias\/wp-json\/wp\/v2\/tags?post=14956"}],"curies":[{"name":"wp","href":"https:\/\/api.w.org\/{rel}","templated":true}]}}