{"id":14959,"date":"2019-12-09T20:36:55","date_gmt":"2019-12-09T20:36:55","guid":{"rendered":"http:\/\/blogdorogeriogomes.com.br\/?p=14959"},"modified":"2019-12-11T09:20:46","modified_gmt":"2019-12-11T09:20:46","slug":"regiao-do-cariri-recebe-primeiras-chuvas-fortes-do-mes-de-dezembro","status":"publish","type":"post","link":"https:\/\/blogdorogeriogomes.com.br\/noticias\/2019\/12\/regiao-do-cariri-recebe-primeiras-chuvas-fortes-do-mes-de-dezembro\/","title":{"rendered":"Regi\u00e3o do Cariri recebe primeiras chuvas fortes do m\u00eas de dezembro"},"content":{"rendered":"\n<p>Como normalmente acontece no m\u00eas de dezembro, a Regi\u00e3o do Cariri \u00e9 a primeira a receber as precipita\u00e7\u00f5es da pr\u00e9-esta\u00e7\u00e3o no Cear\u00e1. De domingo, dia 8 de dezembro, para esta segunda-feira, dia 9, as chuvas atingiram 48 cidades cearenses. <br>\nDe acordo com a Funceme, o Cariri foi o mais beneficiado. O munic\u00edpio de Barbalha teve a maior chuva com 90 mil\u00edmetros. Depois vieram o Crato, com 75 mm; Assar\u00e9, com 62 mm, e Juazeiro do Norte, que teve 56 mm. Podem ser registradas novas precipita\u00e7\u00f5es nos pr\u00f3ximos dias da semana.<br>\nA chuva em Juazeiro do Norte foi t\u00e3o intensa que alagou o pr\u00e9dio da nova C\u00e2mara Municipal. O estacionamento, a \u00e1rea administrativa e o audit\u00f3rio do Legislativo foram tomados pela a \u00e1gua da chuva.<\/p>\n\n\n\n<figure class=\"wp-block-gallery columns-1 is-cropped wp-block-gallery-1 is-layout-flex wp-block-gallery-is-layout-flex\"><ul class=\"blocks-gallery-grid\"><li class=\"blocks-gallery-item\"><figure><img loading=\"lazy\" decoding=\"async\" width=\"760\" height=\"490\" src=\"http:\/\/blogdorogeriogomes.com.br\/wp-content\/uploads\/2019\/12\/juazeiro-760x490.jpg\" alt=\"\" data-id=\"14961\" data-full-url=\"http:\/\/blogdorogeriogomes.com.br\/wp-content\/uploads\/2019\/12\/juazeiro-760x490.jpg\" data-link=\"http:\/\/blogdorogeriogomes.com.br\/?attachment_id=14961\" class=\"wp-image-14961\" srcset=\"https:\/\/blogdorogeriogomes.com.br\/noticias\/wp-content\/uploads\/2019\/12\/juazeiro-760x490.jpg 760w, https:\/\/blogdorogeriogomes.com.br\/noticias\/wp-content\/uploads\/2019\/12\/juazeiro-760x490-300x193.jpg 300w\" sizes=\"auto, (max-width: 760px) 100vw, 760px\" \/><\/figure><\/li><\/ul><\/figure>\n","protected":false},"excerpt":{"rendered":"<p>Como normalmente acontece no m\u00eas de dezembro, a Regi\u00e3o do Cariri \u00e9 a primeira a receber as precipita\u00e7\u00f5es da pr\u00e9-esta\u00e7\u00e3o no Cear\u00e1. De domingo, dia 8 de dezembro, para esta segunda-feira, dia 9, as chuvas atingiram 48 cidades cearenses. De acordo com a Funceme, o Cariri foi o mais beneficiado. O munic\u00edpio de Barbalha teve a maior chuva com 90 mil\u00edmetros. Depois vieram o Crato, com 75 mm; Assar\u00e9, com 62 mm, e Juazeiro do Norte, que teve 56&hellip;<\/p>\n","protected":false},"author":1,"featured_media":14961,"comment_status":"open","ping_status":"open","sticky":false,"template":"","format":"standard","meta":{"footnotes":""},"categories":[1],"tags":[],"class_list":["post-14959","post","type-post","status-publish","format-standard","has-post-thumbnail","hentry","category-noticias"],"_links":{"self":[{"href":"https:\/\/blogdorogeriogomes.com.br\/noticias\/wp-json\/wp\/v2\/posts\/14959","targetHints":{"allow":["GET"]}}],"collection":[{"href":"https:\/\/blogdorogeriogomes.com.br\/noticias\/wp-json\/wp\/v2\/posts"}],"about":[{"href":"https:\/\/blogdorogeriogomes.com.br\/noticias\/wp-json\/wp\/v2\/types\/post"}],"author":[{"embeddable":true,"href":"https:\/\/blogdorogeriogomes.com.br\/noticias\/wp-json\/wp\/v2\/users\/1"}],"replies":[{"embeddable":true,"href":"https:\/\/blogdorogeriogomes.com.br\/noticias\/wp-json\/wp\/v2\/comments?post=14959"}],"version-history":[{"count":1,"href":"https:\/\/blogdorogeriogomes.com.br\/noticias\/wp-json\/wp\/v2\/posts\/14959\/revisions"}],"predecessor-version":[{"id":14962,"href":"https:\/\/blogdorogeriogomes.com.br\/noticias\/wp-json\/wp\/v2\/posts\/14959\/revisions\/14962"}],"wp:featuredmedia":[{"embeddable":true,"href":"https:\/\/blogdorogeriogomes.com.br\/noticias\/wp-json\/wp\/v2\/media\/14961"}],"wp:attachment":[{"href":"https:\/\/blogdorogeriogomes.com.br\/noticias\/wp-json\/wp\/v2\/media?parent=14959"}],"wp:term":[{"taxonomy":"category","embeddable":true,"href":"https:\/\/blogdorogeriogomes.com.br\/noticias\/wp-json\/wp\/v2\/categories?post=14959"},{"taxonomy":"post_tag","embeddable":true,"href":"https:\/\/blogdorogeriogomes.com.br\/noticias\/wp-json\/wp\/v2\/tags?post=14959"}],"curies":[{"name":"wp","href":"https:\/\/api.w.org\/{rel}","templated":true}]}}