{"id":14963,"date":"2019-12-10T13:55:25","date_gmt":"2019-12-10T13:55:25","guid":{"rendered":"http:\/\/blogdorogeriogomes.com.br\/?p=14963"},"modified":"2019-12-11T09:20:49","modified_gmt":"2019-12-11T09:20:49","slug":"camilo-santana-reune-base-aliada-e-encaminha-seis-mensagens-na-reta-final-dos-trabalhos-na-assembleia-legislativa","status":"publish","type":"post","link":"https:\/\/blogdorogeriogomes.com.br\/noticias\/2019\/12\/camilo-santana-reune-base-aliada-e-encaminha-seis-mensagens-na-reta-final-dos-trabalhos-na-assembleia-legislativa\/","title":{"rendered":"Camilo Santana re\u00fane base aliada e encaminha seis mensagens na reta final dos trabalhos na Assembleia Legislativa"},"content":{"rendered":"\n<p>O governador do Cear\u00e1, Camilo Santana, se reuniu com a base aliada na Assembleia Legislativa, nesta segunda-feira, dia 9 de dezembro. A ideia foi conversar com deputados estaduais aliados sobre projetos priorit\u00e1rios para a reta final dos trabalhos legislativos de 2019. O presidente da AL, Jos\u00e9 Sarto, tamb\u00e9m participou do encontro no Pal\u00e1cio da Aboli\u00e7\u00e3o.<br>\nSeis mensagens governamentais devem tramitar na Assembleia Legislativa antes do recesso deste fim de ano. Uma delas trata da adequa\u00e7\u00e3o do Sistema Previdenci\u00e1rio do Cear\u00e1 a reforma da Previd\u00eancia, que foi aprovada neste segundo semestre pelo Congresso Nacional.<br>\nOutra mensagem concede R$ 1 milh\u00e3o de reais ao Unicef para desenvolvimento de a\u00e7\u00f5es voltadas \u00e0 promo\u00e7\u00e3o dos direitos de crian\u00e7as e adolescentes no Cear\u00e1. Tamb\u00e9m tramita um projeto que disp\u00f5e sobre a Pol\u00edtica Estadual de Incentivo \u00e0 Forma\u00e7\u00e3o de Bancos Comunit\u00e1rios de Sementes e Mudas e outro que institui a Gratifica\u00e7\u00e3o por Encargo de Gest\u00e3o Operacional de Obras, o Geob.<\/p>\n\n\n\n<figure class=\"wp-block-gallery columns-1 is-cropped wp-block-gallery-1 is-layout-flex wp-block-gallery-is-layout-flex\"><ul class=\"blocks-gallery-grid\"><li class=\"blocks-gallery-item\"><figure><img loading=\"lazy\" decoding=\"async\" width=\"1024\" height=\"684\" src=\"http:\/\/blogdorogeriogomes.com.br\/wp-content\/uploads\/2019\/12\/PHOTO-2019-12-09-18-46-30-2-1200x801-1024x684.jpg\" alt=\"\" data-id=\"14964\" data-full-url=\"http:\/\/blogdorogeriogomes.com.br\/wp-content\/uploads\/2019\/12\/PHOTO-2019-12-09-18-46-30-2-1200x801.jpg\" data-link=\"http:\/\/blogdorogeriogomes.com.br\/?attachment_id=14964\" class=\"wp-image-14964\" srcset=\"https:\/\/blogdorogeriogomes.com.br\/noticias\/wp-content\/uploads\/2019\/12\/PHOTO-2019-12-09-18-46-30-2-1200x801-1024x684.jpg 1024w, https:\/\/blogdorogeriogomes.com.br\/noticias\/wp-content\/uploads\/2019\/12\/PHOTO-2019-12-09-18-46-30-2-1200x801-300x200.jpg 300w, https:\/\/blogdorogeriogomes.com.br\/noticias\/wp-content\/uploads\/2019\/12\/PHOTO-2019-12-09-18-46-30-2-1200x801-768x513.jpg 768w, https:\/\/blogdorogeriogomes.com.br\/noticias\/wp-content\/uploads\/2019\/12\/PHOTO-2019-12-09-18-46-30-2-1200x801-800x534.jpg 800w, https:\/\/blogdorogeriogomes.com.br\/noticias\/wp-content\/uploads\/2019\/12\/PHOTO-2019-12-09-18-46-30-2-1200x801.jpg 1200w\" sizes=\"auto, (max-width: 1024px) 100vw, 1024px\" \/><\/figure><\/li><\/ul><\/figure>\n","protected":false},"excerpt":{"rendered":"<p>O governador do Cear\u00e1, Camilo Santana, se reuniu com a base aliada na Assembleia Legislativa, nesta segunda-feira, dia 9 de dezembro. A ideia foi conversar com deputados estaduais aliados sobre projetos priorit\u00e1rios para a reta final dos trabalhos legislativos de 2019. O presidente da AL, Jos\u00e9 Sarto, tamb\u00e9m participou do encontro no Pal\u00e1cio da Aboli\u00e7\u00e3o. Seis mensagens governamentais devem tramitar na Assembleia Legislativa antes do recesso deste fim de ano. Uma delas trata da adequa\u00e7\u00e3o do Sistema Previdenci\u00e1rio do&hellip;<\/p>\n","protected":false},"author":1,"featured_media":14964,"comment_status":"open","ping_status":"open","sticky":false,"template":"","format":"standard","meta":{"footnotes":""},"categories":[1],"tags":[],"class_list":["post-14963","post","type-post","status-publish","format-standard","has-post-thumbnail","hentry","category-noticias"],"_links":{"self":[{"href":"https:\/\/blogdorogeriogomes.com.br\/noticias\/wp-json\/wp\/v2\/posts\/14963","targetHints":{"allow":["GET"]}}],"collection":[{"href":"https:\/\/blogdorogeriogomes.com.br\/noticias\/wp-json\/wp\/v2\/posts"}],"about":[{"href":"https:\/\/blogdorogeriogomes.com.br\/noticias\/wp-json\/wp\/v2\/types\/post"}],"author":[{"embeddable":true,"href":"https:\/\/blogdorogeriogomes.com.br\/noticias\/wp-json\/wp\/v2\/users\/1"}],"replies":[{"embeddable":true,"href":"https:\/\/blogdorogeriogomes.com.br\/noticias\/wp-json\/wp\/v2\/comments?post=14963"}],"version-history":[{"count":1,"href":"https:\/\/blogdorogeriogomes.com.br\/noticias\/wp-json\/wp\/v2\/posts\/14963\/revisions"}],"predecessor-version":[{"id":14965,"href":"https:\/\/blogdorogeriogomes.com.br\/noticias\/wp-json\/wp\/v2\/posts\/14963\/revisions\/14965"}],"wp:featuredmedia":[{"embeddable":true,"href":"https:\/\/blogdorogeriogomes.com.br\/noticias\/wp-json\/wp\/v2\/media\/14964"}],"wp:attachment":[{"href":"https:\/\/blogdorogeriogomes.com.br\/noticias\/wp-json\/wp\/v2\/media?parent=14963"}],"wp:term":[{"taxonomy":"category","embeddable":true,"href":"https:\/\/blogdorogeriogomes.com.br\/noticias\/wp-json\/wp\/v2\/categories?post=14963"},{"taxonomy":"post_tag","embeddable":true,"href":"https:\/\/blogdorogeriogomes.com.br\/noticias\/wp-json\/wp\/v2\/tags?post=14963"}],"curies":[{"name":"wp","href":"https:\/\/api.w.org\/{rel}","templated":true}]}}