{"id":14966,"date":"2019-12-10T14:08:45","date_gmt":"2019-12-10T14:08:45","guid":{"rendered":"http:\/\/blogdorogeriogomes.com.br\/?p=14966"},"modified":"2019-12-11T09:20:49","modified_gmt":"2019-12-11T09:20:49","slug":"governo-federal-inicia-pagamento-do-13-salario-do-bolsa-familia-nesta-terca-feira","status":"publish","type":"post","link":"https:\/\/blogdorogeriogomes.com.br\/noticias\/2019\/12\/governo-federal-inicia-pagamento-do-13-salario-do-bolsa-familia-nesta-terca-feira\/","title":{"rendered":"Governo Federal inicia pagamento do 13\u00b0 sal\u00e1rio do Bolsa Fam\u00edlia nesta ter\u00e7a-feira"},"content":{"rendered":"\n<p>O Governo Federal inicia, nesta ter\u00e7a-feira, dia 10 de dezembro, o pagamento do 13\u00b0 sal\u00e1rio dos benefici\u00e1rios do Bolsa Fam\u00edlia. O benef\u00edcio foi institu\u00eddo pela Medida Provis\u00f3ria 898, editada em outubro e consiste no recurso pago em dobro no m\u00eas de dezembro.<br>\nSegundo a Caixa Econ\u00f4mica Federal, que administra os pagamentos, 13 milh\u00f5es e 100 mil fam\u00edlias est\u00e3o sendo atendidas pelo Bolsa Fam\u00edlia em dezembro. Neste m\u00eas, o governo desembolsar\u00e1 R$ 2,5 bilh\u00f5es com o pagamento do benef\u00edcio deste m\u00eas, mais R$ 2,5 bilh\u00f5es com o d\u00e9cimo terceiro.<br>\nO calend\u00e1rio de pagamentos seguir\u00e1 o d\u00edgito final do N\u00famero de Inscri\u00e7\u00e3o Social (NIS) do respons\u00e1vel familiar apresentado no cart\u00e3o do programa. O pagamento ser\u00e1 efetuado at\u00e9 o dia 23 de dezembro.<\/p>\n\n\n\n<figure class=\"wp-block-gallery columns-1 is-cropped wp-block-gallery-1 is-layout-flex wp-block-gallery-is-layout-flex\"><ul class=\"blocks-gallery-grid\"><li class=\"blocks-gallery-item\"><figure><img loading=\"lazy\" decoding=\"async\" width=\"696\" height=\"371\" src=\"http:\/\/blogdorogeriogomes.com.br\/wp-content\/uploads\/2019\/12\/Pagamento-da-13a-parcela-do-Bolsa-Familia-nesta-terca-10.jpeg\" alt=\"\" data-id=\"14968\" data-full-url=\"http:\/\/blogdorogeriogomes.com.br\/wp-content\/uploads\/2019\/12\/Pagamento-da-13a-parcela-do-Bolsa-Familia-nesta-terca-10.jpeg\" data-link=\"http:\/\/blogdorogeriogomes.com.br\/?attachment_id=14968\" class=\"wp-image-14968\" srcset=\"https:\/\/blogdorogeriogomes.com.br\/noticias\/wp-content\/uploads\/2019\/12\/Pagamento-da-13a-parcela-do-Bolsa-Familia-nesta-terca-10.jpeg 696w, https:\/\/blogdorogeriogomes.com.br\/noticias\/wp-content\/uploads\/2019\/12\/Pagamento-da-13a-parcela-do-Bolsa-Familia-nesta-terca-10-300x160.jpeg 300w\" sizes=\"auto, (max-width: 696px) 100vw, 696px\" \/><\/figure><\/li><\/ul><\/figure>\n","protected":false},"excerpt":{"rendered":"<p>O Governo Federal inicia, nesta ter\u00e7a-feira, dia 10 de dezembro, o pagamento do 13\u00b0 sal\u00e1rio dos benefici\u00e1rios do Bolsa Fam\u00edlia. O benef\u00edcio foi institu\u00eddo pela Medida Provis\u00f3ria 898, editada em outubro e consiste no recurso pago em dobro no m\u00eas de dezembro. Segundo a Caixa Econ\u00f4mica Federal, que administra os pagamentos, 13 milh\u00f5es e 100 mil fam\u00edlias est\u00e3o sendo atendidas pelo Bolsa Fam\u00edlia em dezembro. Neste m\u00eas, o governo desembolsar\u00e1 R$ 2,5 bilh\u00f5es com o pagamento do benef\u00edcio deste&hellip;<\/p>\n","protected":false},"author":1,"featured_media":14968,"comment_status":"open","ping_status":"open","sticky":false,"template":"","format":"standard","meta":{"footnotes":""},"categories":[1],"tags":[],"class_list":["post-14966","post","type-post","status-publish","format-standard","has-post-thumbnail","hentry","category-noticias"],"_links":{"self":[{"href":"https:\/\/blogdorogeriogomes.com.br\/noticias\/wp-json\/wp\/v2\/posts\/14966","targetHints":{"allow":["GET"]}}],"collection":[{"href":"https:\/\/blogdorogeriogomes.com.br\/noticias\/wp-json\/wp\/v2\/posts"}],"about":[{"href":"https:\/\/blogdorogeriogomes.com.br\/noticias\/wp-json\/wp\/v2\/types\/post"}],"author":[{"embeddable":true,"href":"https:\/\/blogdorogeriogomes.com.br\/noticias\/wp-json\/wp\/v2\/users\/1"}],"replies":[{"embeddable":true,"href":"https:\/\/blogdorogeriogomes.com.br\/noticias\/wp-json\/wp\/v2\/comments?post=14966"}],"version-history":[{"count":1,"href":"https:\/\/blogdorogeriogomes.com.br\/noticias\/wp-json\/wp\/v2\/posts\/14966\/revisions"}],"predecessor-version":[{"id":14969,"href":"https:\/\/blogdorogeriogomes.com.br\/noticias\/wp-json\/wp\/v2\/posts\/14966\/revisions\/14969"}],"wp:featuredmedia":[{"embeddable":true,"href":"https:\/\/blogdorogeriogomes.com.br\/noticias\/wp-json\/wp\/v2\/media\/14968"}],"wp:attachment":[{"href":"https:\/\/blogdorogeriogomes.com.br\/noticias\/wp-json\/wp\/v2\/media?parent=14966"}],"wp:term":[{"taxonomy":"category","embeddable":true,"href":"https:\/\/blogdorogeriogomes.com.br\/noticias\/wp-json\/wp\/v2\/categories?post=14966"},{"taxonomy":"post_tag","embeddable":true,"href":"https:\/\/blogdorogeriogomes.com.br\/noticias\/wp-json\/wp\/v2\/tags?post=14966"}],"curies":[{"name":"wp","href":"https:\/\/api.w.org\/{rel}","templated":true}]}}