{"id":14974,"date":"2019-12-10T21:38:35","date_gmt":"2019-12-10T21:38:35","guid":{"rendered":"http:\/\/blogdorogeriogomes.com.br\/?p=14974"},"modified":"2019-12-11T09:20:55","modified_gmt":"2019-12-11T09:20:55","slug":"proposta-de-reajuste-para-setor-de-seguranca-publica-no-ceara-deve-sair-ate-janeiro-de-2020","status":"publish","type":"post","link":"https:\/\/blogdorogeriogomes.com.br\/noticias\/2019\/12\/proposta-de-reajuste-para-setor-de-seguranca-publica-no-ceara-deve-sair-ate-janeiro-de-2020\/","title":{"rendered":"Proposta de reajuste para setor de seguran\u00e7a p\u00fablica no Cear\u00e1 deve sair at\u00e9 janeiro de 2020"},"content":{"rendered":"\n<p>O protesto de policiais civis e militares, al\u00e9m de bombeiros, na Assembleia Legislativa do Cear\u00e1, semana passada, reivindicando reajuste salarial gerou uma resposta da Secretaria de Seguran\u00e7a P\u00fablica e Defesa Social (SSPDS). O secret\u00e1rio da SSPDS, Andr\u00e9 Costa (foto), garantiu j\u00e1 ter recebido aval do governador Camilo Santana para apresentar uma proposta de valoriza\u00e7\u00e3o salarial aos servidores da \u00e1rea da seguran\u00e7a p\u00fablica at\u00e9 janeiro de 2020.<br> Aprovado o percentual, o Executivo encaminha a proposta ainda em fevereiro para a Assembleia Legislativa, ap\u00f3s o recesso parlamentar, para aprova\u00e7\u00e3o dos deputados estaduais.<br>Em conversa com internautas pelas redes sociais, nesta ter\u00e7a-feira, dia 10 de dezembro, Camilo Santana antecipou outros benef\u00edcios para o setor da seguran\u00e7a p\u00fablica do Estado. \u201cEm dezembro vai ter promo\u00e7\u00e3o de mais de 2 mil policiais por regi\u00f5es do Cear\u00e1\u201d. E acrescentou mais investimentos em equipamento para a categoria. \u201cVamos receber o \u00faltimo lote de armamentos, importados dos EUA, e todo policial ter\u00e1 sua arma individual, vamos tamb\u00e9m fazer reformas de quart\u00e9is, batalh\u00f5es e criar um centro de apoio psicossocial, porque \u00e9 um trabalho que exige muito do profissional\u201d.<\/p>\n\n\n\n<figure class=\"wp-block-gallery columns-1 is-cropped wp-block-gallery-1 is-layout-flex wp-block-gallery-is-layout-flex\"><ul class=\"blocks-gallery-grid\"><li class=\"blocks-gallery-item\"><figure><img loading=\"lazy\" decoding=\"async\" width=\"600\" height=\"400\" src=\"http:\/\/blogdorogeriogomes.com.br\/wp-content\/uploads\/2019\/12\/images-2019-12-10T182807.835.jpeg\" alt=\"\" data-id=\"14975\" data-full-url=\"http:\/\/blogdorogeriogomes.com.br\/wp-content\/uploads\/2019\/12\/images-2019-12-10T182807.835.jpeg\" data-link=\"http:\/\/blogdorogeriogomes.com.br\/?attachment_id=14975\" class=\"wp-image-14975\" srcset=\"https:\/\/blogdorogeriogomes.com.br\/noticias\/wp-content\/uploads\/2019\/12\/images-2019-12-10T182807.835.jpeg 600w, https:\/\/blogdorogeriogomes.com.br\/noticias\/wp-content\/uploads\/2019\/12\/images-2019-12-10T182807.835-300x200.jpeg 300w\" sizes=\"auto, (max-width: 600px) 100vw, 600px\" \/><\/figure><\/li><\/ul><\/figure>\n","protected":false},"excerpt":{"rendered":"<p>O protesto de policiais civis e militares, al\u00e9m de bombeiros, na Assembleia Legislativa do Cear\u00e1, semana passada, reivindicando reajuste salarial gerou uma resposta da Secretaria de Seguran\u00e7a P\u00fablica e Defesa Social (SSPDS). O secret\u00e1rio da SSPDS, Andr\u00e9 Costa (foto), garantiu j\u00e1 ter recebido aval do governador Camilo Santana para apresentar uma proposta de valoriza\u00e7\u00e3o salarial aos servidores da \u00e1rea da seguran\u00e7a p\u00fablica at\u00e9 janeiro de 2020. Aprovado o percentual, o Executivo encaminha a proposta ainda em fevereiro para a&hellip;<\/p>\n","protected":false},"author":1,"featured_media":14975,"comment_status":"open","ping_status":"open","sticky":false,"template":"","format":"standard","meta":{"footnotes":""},"categories":[1],"tags":[],"class_list":["post-14974","post","type-post","status-publish","format-standard","has-post-thumbnail","hentry","category-noticias"],"_links":{"self":[{"href":"https:\/\/blogdorogeriogomes.com.br\/noticias\/wp-json\/wp\/v2\/posts\/14974","targetHints":{"allow":["GET"]}}],"collection":[{"href":"https:\/\/blogdorogeriogomes.com.br\/noticias\/wp-json\/wp\/v2\/posts"}],"about":[{"href":"https:\/\/blogdorogeriogomes.com.br\/noticias\/wp-json\/wp\/v2\/types\/post"}],"author":[{"embeddable":true,"href":"https:\/\/blogdorogeriogomes.com.br\/noticias\/wp-json\/wp\/v2\/users\/1"}],"replies":[{"embeddable":true,"href":"https:\/\/blogdorogeriogomes.com.br\/noticias\/wp-json\/wp\/v2\/comments?post=14974"}],"version-history":[{"count":1,"href":"https:\/\/blogdorogeriogomes.com.br\/noticias\/wp-json\/wp\/v2\/posts\/14974\/revisions"}],"predecessor-version":[{"id":14976,"href":"https:\/\/blogdorogeriogomes.com.br\/noticias\/wp-json\/wp\/v2\/posts\/14974\/revisions\/14976"}],"wp:featuredmedia":[{"embeddable":true,"href":"https:\/\/blogdorogeriogomes.com.br\/noticias\/wp-json\/wp\/v2\/media\/14975"}],"wp:attachment":[{"href":"https:\/\/blogdorogeriogomes.com.br\/noticias\/wp-json\/wp\/v2\/media?parent=14974"}],"wp:term":[{"taxonomy":"category","embeddable":true,"href":"https:\/\/blogdorogeriogomes.com.br\/noticias\/wp-json\/wp\/v2\/categories?post=14974"},{"taxonomy":"post_tag","embeddable":true,"href":"https:\/\/blogdorogeriogomes.com.br\/noticias\/wp-json\/wp\/v2\/tags?post=14974"}],"curies":[{"name":"wp","href":"https:\/\/api.w.org\/{rel}","templated":true}]}}