{"id":14979,"date":"2019-12-11T09:00:24","date_gmt":"2019-12-11T09:00:24","guid":{"rendered":"http:\/\/blogdorogeriogomes.com.br\/?p=14979"},"modified":"2019-12-11T09:20:57","modified_gmt":"2019-12-11T09:20:57","slug":"terreno-do-edificio-andrea-vai-receber-um-novo-quartel-do-corpo-de-bombeiros-do-ceara","status":"publish","type":"post","link":"https:\/\/blogdorogeriogomes.com.br\/noticias\/2019\/12\/terreno-do-edificio-andrea-vai-receber-um-novo-quartel-do-corpo-de-bombeiros-do-ceara\/","title":{"rendered":"Terreno do edif\u00edcio Andrea vai receber um novo quartel do Corpo de Bombeiros do Cear\u00e1"},"content":{"rendered":"\n<p>Governo do Estado e Prefeitura de Fortaleza decidiram que o terreno onde ficava o Edif\u00edcio Andrea, no bairro Dion\u00edsio Torres, vai receber um quartel do Corpo de Bombeiros do Cear\u00e1. O edif\u00edcio Andrea desabou em 15 de outubro passado, causando a morte de nove pessoas e deixando outras sete feridas.<br>\nO an\u00fancio foi feito na tarde desta ter\u00e7a-feira, dia 10 de dezembro, pelo prefeito Roberto Cl\u00e1udio e pelo governador Camilo Santana durante solenidade de entrega da Medalha Drag\u00e3o do Mar aos bombeiros em reconhecimento ao trabalho de resgate das v\u00edtimas do desabamento do pr\u00e9dio.<br>\n&#8220;A gente vai isentar todas as d\u00edvidas de IPTU passadas desse equipamento para desapropriar e entregar para o Governo do Estado para a constru\u00e7\u00e3o do quartel. Vai ser realizada a urbaniza\u00e7\u00e3o, incluindo a constru\u00e7\u00e3o de uma pra\u00e7a. O documento vai para C\u00e2mara para ser votado e a previs\u00e3o \u00e9 que no come\u00e7o de 2020 j\u00e1 seja feita a desapropria\u00e7\u00e3o do terreno&#8221;, afirmou Roberto Cl\u00e1udio.<\/p>\n\n\n\n<figure class=\"wp-block-gallery columns-1 is-cropped wp-block-gallery-1 is-layout-flex wp-block-gallery-is-layout-flex\"><ul class=\"blocks-gallery-grid\"><li class=\"blocks-gallery-item\"><figure><img loading=\"lazy\" decoding=\"async\" width=\"739\" height=\"415\" src=\"http:\/\/blogdorogeriogomes.com.br\/wp-content\/uploads\/2019\/12\/images-2019-12-11T055348.350.jpeg\" alt=\"\" data-id=\"14980\" data-full-url=\"http:\/\/blogdorogeriogomes.com.br\/wp-content\/uploads\/2019\/12\/images-2019-12-11T055348.350.jpeg\" data-link=\"http:\/\/blogdorogeriogomes.com.br\/?attachment_id=14980\" class=\"wp-image-14980\" srcset=\"https:\/\/blogdorogeriogomes.com.br\/noticias\/wp-content\/uploads\/2019\/12\/images-2019-12-11T055348.350.jpeg 739w, https:\/\/blogdorogeriogomes.com.br\/noticias\/wp-content\/uploads\/2019\/12\/images-2019-12-11T055348.350-300x168.jpeg 300w\" sizes=\"auto, (max-width: 739px) 100vw, 739px\" \/><\/figure><\/li><\/ul><\/figure>\n","protected":false},"excerpt":{"rendered":"<p>Governo do Estado e Prefeitura de Fortaleza decidiram que o terreno onde ficava o Edif\u00edcio Andrea, no bairro Dion\u00edsio Torres, vai receber um quartel do Corpo de Bombeiros do Cear\u00e1. O edif\u00edcio Andrea desabou em 15 de outubro passado, causando a morte de nove pessoas e deixando outras sete feridas. O an\u00fancio foi feito na tarde desta ter\u00e7a-feira, dia 10 de dezembro, pelo prefeito Roberto Cl\u00e1udio e pelo governador Camilo Santana durante solenidade de entrega da Medalha Drag\u00e3o do&hellip;<\/p>\n","protected":false},"author":1,"featured_media":14980,"comment_status":"open","ping_status":"open","sticky":false,"template":"","format":"standard","meta":{"footnotes":""},"categories":[1],"tags":[],"class_list":["post-14979","post","type-post","status-publish","format-standard","has-post-thumbnail","hentry","category-noticias"],"_links":{"self":[{"href":"https:\/\/blogdorogeriogomes.com.br\/noticias\/wp-json\/wp\/v2\/posts\/14979","targetHints":{"allow":["GET"]}}],"collection":[{"href":"https:\/\/blogdorogeriogomes.com.br\/noticias\/wp-json\/wp\/v2\/posts"}],"about":[{"href":"https:\/\/blogdorogeriogomes.com.br\/noticias\/wp-json\/wp\/v2\/types\/post"}],"author":[{"embeddable":true,"href":"https:\/\/blogdorogeriogomes.com.br\/noticias\/wp-json\/wp\/v2\/users\/1"}],"replies":[{"embeddable":true,"href":"https:\/\/blogdorogeriogomes.com.br\/noticias\/wp-json\/wp\/v2\/comments?post=14979"}],"version-history":[{"count":1,"href":"https:\/\/blogdorogeriogomes.com.br\/noticias\/wp-json\/wp\/v2\/posts\/14979\/revisions"}],"predecessor-version":[{"id":14981,"href":"https:\/\/blogdorogeriogomes.com.br\/noticias\/wp-json\/wp\/v2\/posts\/14979\/revisions\/14981"}],"wp:featuredmedia":[{"embeddable":true,"href":"https:\/\/blogdorogeriogomes.com.br\/noticias\/wp-json\/wp\/v2\/media\/14980"}],"wp:attachment":[{"href":"https:\/\/blogdorogeriogomes.com.br\/noticias\/wp-json\/wp\/v2\/media?parent=14979"}],"wp:term":[{"taxonomy":"category","embeddable":true,"href":"https:\/\/blogdorogeriogomes.com.br\/noticias\/wp-json\/wp\/v2\/categories?post=14979"},{"taxonomy":"post_tag","embeddable":true,"href":"https:\/\/blogdorogeriogomes.com.br\/noticias\/wp-json\/wp\/v2\/tags?post=14979"}],"curies":[{"name":"wp","href":"https:\/\/api.w.org\/{rel}","templated":true}]}}