{"id":14987,"date":"2019-12-11T20:27:28","date_gmt":"2019-12-11T20:27:28","guid":{"rendered":"http:\/\/blogdorogeriogomes.com.br\/?p=14987"},"modified":"2019-12-12T13:08:47","modified_gmt":"2019-12-12T13:08:47","slug":"elizabeth-chagas-assume-comando-da-defensoria-publica-prometendo-combate-as-desigualdades-sociais","status":"publish","type":"post","link":"https:\/\/blogdorogeriogomes.com.br\/noticias\/2019\/12\/elizabeth-chagas-assume-comando-da-defensoria-publica-prometendo-combate-as-desigualdades-sociais\/","title":{"rendered":"Elizabeth Chagas assume comando da Defensoria P\u00fablica prometendo combate \u00e0s desigualdades sociais"},"content":{"rendered":"\n<p>A defensora Elizabeth Chagas tomou posse, nesta quarta-feira, dia 11 de dezembro, como a nova defensora geral do Estado, onde ter\u00e1 um mandato de dois anos. Defensora p\u00fablica estadual desde 2006, Elizabeth Chagas j\u00e1 atuou nas cidades de V\u00e1rzea Alegre, Crato, Maranguape e Fortaleza. Ela substitui Mariana Lobo, que esteve por quatro anos \u00e0 frente da Defensoria P\u00fablica do Cear\u00e1<br>Entre as bandeiras defendidas pela nova defensora geral do Estado est\u00e3o a luta pelos direitos das mulheres e de moradia digna, al\u00e9m da diminui\u00e7\u00e3o das desigualdades sociais. <br>Elizabeth Chagas destacou ainda no seu discurso o clima de instabilidade pol\u00edtica e econ\u00f4mica do Brasil e a  import\u00e2ncia do \u00f3rg\u00e3o para diminuir as injusti\u00e7as.  \u201c\u00c9 preciso que a Defensoria P\u00fablica seja refrat\u00e1ria \u00e0s altas temperaturas de intoler\u00e2ncia\u201d, disse.<\/p>\n\n\n\n<figure class=\"wp-block-gallery columns-1 is-cropped wp-block-gallery-1 is-layout-flex wp-block-gallery-is-layout-flex\"><ul class=\"blocks-gallery-grid\"><li class=\"blocks-gallery-item\"><figure><img loading=\"lazy\" decoding=\"async\" width=\"460\" height=\"274\" src=\"http:\/\/blogdorogeriogomes.com.br\/wp-content\/uploads\/2019\/12\/images-2019-12-11T171840.624.jpeg\" alt=\"\" data-id=\"14988\" data-full-url=\"http:\/\/blogdorogeriogomes.com.br\/wp-content\/uploads\/2019\/12\/images-2019-12-11T171840.624.jpeg\" data-link=\"http:\/\/blogdorogeriogomes.com.br\/?attachment_id=14988\" class=\"wp-image-14988\" srcset=\"https:\/\/blogdorogeriogomes.com.br\/noticias\/wp-content\/uploads\/2019\/12\/images-2019-12-11T171840.624.jpeg 460w, https:\/\/blogdorogeriogomes.com.br\/noticias\/wp-content\/uploads\/2019\/12\/images-2019-12-11T171840.624-300x179.jpeg 300w\" sizes=\"auto, (max-width: 460px) 100vw, 460px\" \/><\/figure><\/li><\/ul><\/figure>\n","protected":false},"excerpt":{"rendered":"<p>A defensora Elizabeth Chagas tomou posse, nesta quarta-feira, dia 11 de dezembro, como a nova defensora geral do Estado, onde ter\u00e1 um mandato de dois anos. Defensora p\u00fablica estadual desde 2006, Elizabeth Chagas j\u00e1 atuou nas cidades de V\u00e1rzea Alegre, Crato, Maranguape e Fortaleza. Ela substitui Mariana Lobo, que esteve por quatro anos \u00e0 frente da Defensoria P\u00fablica do Cear\u00e1Entre as bandeiras defendidas pela nova defensora geral do Estado est\u00e3o a luta pelos direitos das mulheres e de moradia&hellip;<\/p>\n","protected":false},"author":1,"featured_media":14988,"comment_status":"open","ping_status":"open","sticky":false,"template":"","format":"standard","meta":{"footnotes":""},"categories":[1],"tags":[],"class_list":["post-14987","post","type-post","status-publish","format-standard","has-post-thumbnail","hentry","category-noticias"],"_links":{"self":[{"href":"https:\/\/blogdorogeriogomes.com.br\/noticias\/wp-json\/wp\/v2\/posts\/14987","targetHints":{"allow":["GET"]}}],"collection":[{"href":"https:\/\/blogdorogeriogomes.com.br\/noticias\/wp-json\/wp\/v2\/posts"}],"about":[{"href":"https:\/\/blogdorogeriogomes.com.br\/noticias\/wp-json\/wp\/v2\/types\/post"}],"author":[{"embeddable":true,"href":"https:\/\/blogdorogeriogomes.com.br\/noticias\/wp-json\/wp\/v2\/users\/1"}],"replies":[{"embeddable":true,"href":"https:\/\/blogdorogeriogomes.com.br\/noticias\/wp-json\/wp\/v2\/comments?post=14987"}],"version-history":[{"count":1,"href":"https:\/\/blogdorogeriogomes.com.br\/noticias\/wp-json\/wp\/v2\/posts\/14987\/revisions"}],"predecessor-version":[{"id":14989,"href":"https:\/\/blogdorogeriogomes.com.br\/noticias\/wp-json\/wp\/v2\/posts\/14987\/revisions\/14989"}],"wp:featuredmedia":[{"embeddable":true,"href":"https:\/\/blogdorogeriogomes.com.br\/noticias\/wp-json\/wp\/v2\/media\/14988"}],"wp:attachment":[{"href":"https:\/\/blogdorogeriogomes.com.br\/noticias\/wp-json\/wp\/v2\/media?parent=14987"}],"wp:term":[{"taxonomy":"category","embeddable":true,"href":"https:\/\/blogdorogeriogomes.com.br\/noticias\/wp-json\/wp\/v2\/categories?post=14987"},{"taxonomy":"post_tag","embeddable":true,"href":"https:\/\/blogdorogeriogomes.com.br\/noticias\/wp-json\/wp\/v2\/tags?post=14987"}],"curies":[{"name":"wp","href":"https:\/\/api.w.org\/{rel}","templated":true}]}}