{"id":14990,"date":"2019-12-11T21:09:33","date_gmt":"2019-12-11T21:09:33","guid":{"rendered":"http:\/\/blogdorogeriogomes.com.br\/?p=14990"},"modified":"2019-12-12T13:08:15","modified_gmt":"2019-12-12T13:08:15","slug":"deputados-de-oposicao-reagem-a-discurso-do-ministro-da-educacao-na-camara-federal","status":"publish","type":"post","link":"https:\/\/blogdorogeriogomes.com.br\/noticias\/2019\/12\/deputados-de-oposicao-reagem-a-discurso-do-ministro-da-educacao-na-camara-federal\/","title":{"rendered":"Deputados de oposi\u00e7\u00e3o reagem a discurso do ministro da Educa\u00e7\u00e3o na C\u00e2mara Federal"},"content":{"rendered":"\n<p>O ministro da Educa\u00e7\u00e3o, Abraham Weintraub, foi convocado nesta quarta-feira, dia 11 de dezembro, pela C\u00e2mara dos Deputados, para esclarecer as afirma\u00e7\u00f5es dele sobre o cultivo de drogas nas universidades federais do Pa\u00eds. Weintraub chegou a declarar que as universidades tinham &#8220;planta\u00e7\u00f5es extensivas&#8221; de maconha e que os laborat\u00f3rios produziam metanfetamina.<br>\nA oposi\u00e7\u00e3o reagiu com dureza aos argumentos considerados \u201cfantasiosos\u201d. O l\u00edder do PSOL na C\u00e2mara, Ivan Valente, questionou: &#8220;E os 39kg de coca\u00edna no avi\u00e3o presidencial?&#8221;. O ministro n\u00e3o respondeu ao questionamento.<br>\nAbraham Weintraub ainda se sentiu \u00e0 vontade pra afirmar que est\u00e1 promovendo uma \u201crevolu\u00e7\u00e3o na educa\u00e7\u00e3o\u201d do Pa\u00eds. Talvez, o Minist\u00e9rio da Educa\u00e7\u00e3o seja um dos mais conturbados do Governo Bolsonaro diante de tanta maluquice dita pelo ministro quase que diariamente.<br>\nO deputado federal cearense Idilvan Alencar (PDT) se manifestou durante a fala do ministro na Comiss\u00e3o de Educa\u00e7\u00e3o da C\u00e2mara e foi categ\u00f3rico: \u201cO senhor devia aproveitar o Natal e pegar o beco do Minist\u00e9rio\u201d. Idilvan classificou a gest\u00e3o de Weintraub como &#8220;desastrosa&#8221;, onde est\u00e1 em jogo apenas uma pauta ideol\u00f3gica. E nada mais.<\/p>\n\n\n\n<figure class=\"wp-block-gallery columns-1 is-cropped wp-block-gallery-1 is-layout-flex wp-block-gallery-is-layout-flex\"><ul class=\"blocks-gallery-grid\"><li class=\"blocks-gallery-item\"><figure><img loading=\"lazy\" decoding=\"async\" width=\"794\" height=\"386\" src=\"http:\/\/blogdorogeriogomes.com.br\/wp-content\/uploads\/2019\/12\/images-2019-12-11T180016.037.jpeg\" alt=\"\" data-id=\"14991\" data-full-url=\"http:\/\/blogdorogeriogomes.com.br\/wp-content\/uploads\/2019\/12\/images-2019-12-11T180016.037.jpeg\" data-link=\"http:\/\/blogdorogeriogomes.com.br\/?attachment_id=14991\" class=\"wp-image-14991\" srcset=\"https:\/\/blogdorogeriogomes.com.br\/noticias\/wp-content\/uploads\/2019\/12\/images-2019-12-11T180016.037.jpeg 794w, https:\/\/blogdorogeriogomes.com.br\/noticias\/wp-content\/uploads\/2019\/12\/images-2019-12-11T180016.037-300x146.jpeg 300w, https:\/\/blogdorogeriogomes.com.br\/noticias\/wp-content\/uploads\/2019\/12\/images-2019-12-11T180016.037-768x373.jpeg 768w\" sizes=\"auto, (max-width: 794px) 100vw, 794px\" \/><\/figure><\/li><\/ul><\/figure>\n","protected":false},"excerpt":{"rendered":"<p>O ministro da Educa\u00e7\u00e3o, Abraham Weintraub, foi convocado nesta quarta-feira, dia 11 de dezembro, pela C\u00e2mara dos Deputados, para esclarecer as afirma\u00e7\u00f5es dele sobre o cultivo de drogas nas universidades federais do Pa\u00eds. Weintraub chegou a declarar que as universidades tinham &#8220;planta\u00e7\u00f5es extensivas&#8221; de maconha e que os laborat\u00f3rios produziam metanfetamina. A oposi\u00e7\u00e3o reagiu com dureza aos argumentos considerados \u201cfantasiosos\u201d. O l\u00edder do PSOL na C\u00e2mara, Ivan Valente, questionou: &#8220;E os 39kg de coca\u00edna no avi\u00e3o presidencial?&#8221;. O ministro&hellip;<\/p>\n","protected":false},"author":1,"featured_media":14991,"comment_status":"open","ping_status":"open","sticky":false,"template":"","format":"standard","meta":{"footnotes":""},"categories":[1],"tags":[],"class_list":["post-14990","post","type-post","status-publish","format-standard","has-post-thumbnail","hentry","category-noticias"],"_links":{"self":[{"href":"https:\/\/blogdorogeriogomes.com.br\/noticias\/wp-json\/wp\/v2\/posts\/14990","targetHints":{"allow":["GET"]}}],"collection":[{"href":"https:\/\/blogdorogeriogomes.com.br\/noticias\/wp-json\/wp\/v2\/posts"}],"about":[{"href":"https:\/\/blogdorogeriogomes.com.br\/noticias\/wp-json\/wp\/v2\/types\/post"}],"author":[{"embeddable":true,"href":"https:\/\/blogdorogeriogomes.com.br\/noticias\/wp-json\/wp\/v2\/users\/1"}],"replies":[{"embeddable":true,"href":"https:\/\/blogdorogeriogomes.com.br\/noticias\/wp-json\/wp\/v2\/comments?post=14990"}],"version-history":[{"count":1,"href":"https:\/\/blogdorogeriogomes.com.br\/noticias\/wp-json\/wp\/v2\/posts\/14990\/revisions"}],"predecessor-version":[{"id":14992,"href":"https:\/\/blogdorogeriogomes.com.br\/noticias\/wp-json\/wp\/v2\/posts\/14990\/revisions\/14992"}],"wp:featuredmedia":[{"embeddable":true,"href":"https:\/\/blogdorogeriogomes.com.br\/noticias\/wp-json\/wp\/v2\/media\/14991"}],"wp:attachment":[{"href":"https:\/\/blogdorogeriogomes.com.br\/noticias\/wp-json\/wp\/v2\/media?parent=14990"}],"wp:term":[{"taxonomy":"category","embeddable":true,"href":"https:\/\/blogdorogeriogomes.com.br\/noticias\/wp-json\/wp\/v2\/categories?post=14990"},{"taxonomy":"post_tag","embeddable":true,"href":"https:\/\/blogdorogeriogomes.com.br\/noticias\/wp-json\/wp\/v2\/tags?post=14990"}],"curies":[{"name":"wp","href":"https:\/\/api.w.org\/{rel}","templated":true}]}}