{"id":14997,"date":"2019-12-12T08:45:09","date_gmt":"2019-12-12T08:45:09","guid":{"rendered":"http:\/\/blogdorogeriogomes.com.br\/?p=14997"},"modified":"2019-12-12T13:05:43","modified_gmt":"2019-12-12T13:05:43","slug":"ministro-sergio-moro-e-presidente-nacional-da-oab-trocam-farpas-pelas-redes-sociais","status":"publish","type":"post","link":"https:\/\/blogdorogeriogomes.com.br\/noticias\/2019\/12\/ministro-sergio-moro-e-presidente-nacional-da-oab-trocam-farpas-pelas-redes-sociais\/","title":{"rendered":"Ministro S\u00e9rgio Moro e presidente nacional da OAB trocam farpas pelas redes sociais"},"content":{"rendered":"\n<p>A mais nova troca de farpas em Bras\u00edlia envolve o presidente da OAB, Felipe Santa Cruz, e o ministro da Justi\u00e7a, S\u00e9rgio Moro. Santa Cruz criticou a rela\u00e7\u00e3o com o Minist\u00e9rio da Justi\u00e7a: \u201cN\u00e3o tem di\u00e1logo nenhum. Nem na ditadura isso acontecia\u201d. Pelo Twitter, Moro respondeu: &#8220;Terei prazer em receb\u00ea-lo t\u00e3o logo abandone a postura de militante pol\u00edtico-partid\u00e1rio e as ofensas ao Presidente da Rep\u00fablica e a seus eleitores&#8221;.<br>\nO rebate de Felipe Santa Cruz veio na sequ\u00eancia: &#8220;Tenho dificuldade em acreditar que o ministro Moro tenha dito que s\u00f3 recebe quem concorda com ele. Ali\u00e1s, pol\u00edtica partid\u00e1ria ele faz desde que era juiz em Curitiba como demonstram as reuni\u00f5es realizadas antes do segundo turno com a equipe do presidente. Ele reduziu a fun\u00e7\u00e3o de ministro da Justi\u00e7a \u00e0 de advogado pessoal do presidente. Isso sim \u00e9 pol\u00edtica partid\u00e1ria. Ele n\u00e3o age como ministro de Estado, mas apenas como ministro de governo&#8221;, completou o presidente nacional da OAB.<\/p>\n\n\n\n<figure class=\"wp-block-gallery columns-1 is-cropped wp-block-gallery-1 is-layout-flex wp-block-gallery-is-layout-flex\"><ul class=\"blocks-gallery-grid\"><li class=\"blocks-gallery-item\"><figure><img loading=\"lazy\" decoding=\"async\" width=\"678\" height=\"452\" src=\"http:\/\/blogdorogeriogomes.com.br\/wp-content\/uploads\/2019\/12\/IMG_20191212_054005_541.jpg\" alt=\"\" data-id=\"14998\" data-full-url=\"http:\/\/blogdorogeriogomes.com.br\/wp-content\/uploads\/2019\/12\/IMG_20191212_054005_541.jpg\" data-link=\"http:\/\/blogdorogeriogomes.com.br\/?attachment_id=14998\" class=\"wp-image-14998\" srcset=\"https:\/\/blogdorogeriogomes.com.br\/noticias\/wp-content\/uploads\/2019\/12\/IMG_20191212_054005_541.jpg 678w, https:\/\/blogdorogeriogomes.com.br\/noticias\/wp-content\/uploads\/2019\/12\/IMG_20191212_054005_541-300x200.jpg 300w\" sizes=\"auto, (max-width: 678px) 100vw, 678px\" \/><\/figure><\/li><\/ul><\/figure>\n","protected":false},"excerpt":{"rendered":"<p>A mais nova troca de farpas em Bras\u00edlia envolve o presidente da OAB, Felipe Santa Cruz, e o ministro da Justi\u00e7a, S\u00e9rgio Moro. Santa Cruz criticou a rela\u00e7\u00e3o com o Minist\u00e9rio da Justi\u00e7a: \u201cN\u00e3o tem di\u00e1logo nenhum. Nem na ditadura isso acontecia\u201d. Pelo Twitter, Moro respondeu: &#8220;Terei prazer em receb\u00ea-lo t\u00e3o logo abandone a postura de militante pol\u00edtico-partid\u00e1rio e as ofensas ao Presidente da Rep\u00fablica e a seus eleitores&#8221;. O rebate de Felipe Santa Cruz veio na sequ\u00eancia: &#8220;Tenho&hellip;<\/p>\n","protected":false},"author":1,"featured_media":14998,"comment_status":"open","ping_status":"open","sticky":false,"template":"","format":"standard","meta":{"footnotes":""},"categories":[1],"tags":[],"class_list":["post-14997","post","type-post","status-publish","format-standard","has-post-thumbnail","hentry","category-noticias"],"_links":{"self":[{"href":"https:\/\/blogdorogeriogomes.com.br\/noticias\/wp-json\/wp\/v2\/posts\/14997","targetHints":{"allow":["GET"]}}],"collection":[{"href":"https:\/\/blogdorogeriogomes.com.br\/noticias\/wp-json\/wp\/v2\/posts"}],"about":[{"href":"https:\/\/blogdorogeriogomes.com.br\/noticias\/wp-json\/wp\/v2\/types\/post"}],"author":[{"embeddable":true,"href":"https:\/\/blogdorogeriogomes.com.br\/noticias\/wp-json\/wp\/v2\/users\/1"}],"replies":[{"embeddable":true,"href":"https:\/\/blogdorogeriogomes.com.br\/noticias\/wp-json\/wp\/v2\/comments?post=14997"}],"version-history":[{"count":1,"href":"https:\/\/blogdorogeriogomes.com.br\/noticias\/wp-json\/wp\/v2\/posts\/14997\/revisions"}],"predecessor-version":[{"id":14999,"href":"https:\/\/blogdorogeriogomes.com.br\/noticias\/wp-json\/wp\/v2\/posts\/14997\/revisions\/14999"}],"wp:featuredmedia":[{"embeddable":true,"href":"https:\/\/blogdorogeriogomes.com.br\/noticias\/wp-json\/wp\/v2\/media\/14998"}],"wp:attachment":[{"href":"https:\/\/blogdorogeriogomes.com.br\/noticias\/wp-json\/wp\/v2\/media?parent=14997"}],"wp:term":[{"taxonomy":"category","embeddable":true,"href":"https:\/\/blogdorogeriogomes.com.br\/noticias\/wp-json\/wp\/v2\/categories?post=14997"},{"taxonomy":"post_tag","embeddable":true,"href":"https:\/\/blogdorogeriogomes.com.br\/noticias\/wp-json\/wp\/v2\/tags?post=14997"}],"curies":[{"name":"wp","href":"https:\/\/api.w.org\/{rel}","templated":true}]}}