{"id":15003,"date":"2019-12-12T21:44:41","date_gmt":"2019-12-12T21:44:41","guid":{"rendered":"http:\/\/blogdorogeriogomes.com.br\/?p=15003"},"modified":"2019-12-13T12:45:57","modified_gmt":"2019-12-13T12:45:57","slug":"justica-determina-volta-da-fiscalizacao-eletronica-nas-brs-governo-federal-tenta-recorrer","status":"publish","type":"post","link":"https:\/\/blogdorogeriogomes.com.br\/noticias\/2019\/12\/justica-determina-volta-da-fiscalizacao-eletronica-nas-brs-governo-federal-tenta-recorrer\/","title":{"rendered":"Justi\u00e7a determina volta da fiscaliza\u00e7\u00e3o eletr\u00f4nica nas BRs. Governo Federal tenta recorrer"},"content":{"rendered":"\n<p>A import\u00e2ncia da fiscaliza\u00e7\u00e3o aos motoristas infratores vai ganhando a queda de bra\u00e7o na Justi\u00e7a. O juiz Marcelo Gentil Monteiro estabeleceu o prazo de 72 horas, na quarta-feira, dia 11 de dezembro,  para que a Pol\u00edcia Rodovi\u00e1ria Federal tome as provid\u00eancias necess\u00e1rias para a volta da fiscaliza\u00e7\u00e3o eletr\u00f4nica nas BRs que cortam o Pa\u00eds. Em caso de descumprimento, pena de multa di\u00e1ria de R$ 50 mil, a ser aplicada contra o Governo Federal. <br> Nesta quinta-feira, dia 12, o presidente Jair Bolsonaro  determinou \u00e0 Advocacia Geral da Uni\u00e3o que recorra da decis\u00e3o judicial que imp\u00f4s que o governo restabele\u00e7a a fiscaliza\u00e7\u00e3o de velocidade com radares m\u00f3veis nas estradas federais.<br> Bolsonaro havia determinado em agosto deste ano, por meio de um despacho, que a PRF interrompesse o uso de &#8220;medidores de velocidade est\u00e1ticos, m\u00f3veis e port\u00e1teis&#8221; at\u00e9 que o Minist\u00e9rio da Infraestrutura conclu\u00edsse uma reavalia\u00e7\u00e3o da regulamenta\u00e7\u00e3o dos procedimentos de fiscaliza\u00e7\u00e3o eletr\u00f4nica de velocidade.<br> Bolsonaro \u00e9 um cr\u00edtico do controle de velocidade e de outras formas de fiscaliza\u00e7\u00e3o desde quando era deputado federal. Segundo o Detran do Rio de Janeiro, o presidente, tr\u00eas de seus filhos e sua mulher, Michelle, receberam ao menos 44 multas de tr\u00e2nsito nos cinco anos anteriores.<\/p>\n\n\n\n<figure class=\"wp-block-gallery columns-1 is-cropped wp-block-gallery-1 is-layout-flex wp-block-gallery-is-layout-flex\"><ul class=\"blocks-gallery-grid\"><li class=\"blocks-gallery-item\"><figure><img loading=\"lazy\" decoding=\"async\" width=\"640\" height=\"480\" src=\"http:\/\/blogdorogeriogomes.com.br\/wp-content\/uploads\/2019\/12\/IMG_20191212_183934_215.jpg\" alt=\"\" data-id=\"15005\" data-full-url=\"http:\/\/blogdorogeriogomes.com.br\/wp-content\/uploads\/2019\/12\/IMG_20191212_183934_215.jpg\" data-link=\"http:\/\/blogdorogeriogomes.com.br\/?attachment_id=15005\" class=\"wp-image-15005\" srcset=\"https:\/\/blogdorogeriogomes.com.br\/noticias\/wp-content\/uploads\/2019\/12\/IMG_20191212_183934_215.jpg 640w, https:\/\/blogdorogeriogomes.com.br\/noticias\/wp-content\/uploads\/2019\/12\/IMG_20191212_183934_215-300x225.jpg 300w, https:\/\/blogdorogeriogomes.com.br\/noticias\/wp-content\/uploads\/2019\/12\/IMG_20191212_183934_215-400x300.jpg 400w\" sizes=\"auto, (max-width: 640px) 100vw, 640px\" \/><\/figure><\/li><\/ul><\/figure>\n","protected":false},"excerpt":{"rendered":"<p>A import\u00e2ncia da fiscaliza\u00e7\u00e3o aos motoristas infratores vai ganhando a queda de bra\u00e7o na Justi\u00e7a. O juiz Marcelo Gentil Monteiro estabeleceu o prazo de 72 horas, na quarta-feira, dia 11 de dezembro, para que a Pol\u00edcia Rodovi\u00e1ria Federal tome as provid\u00eancias necess\u00e1rias para a volta da fiscaliza\u00e7\u00e3o eletr\u00f4nica nas BRs que cortam o Pa\u00eds. Em caso de descumprimento, pena de multa di\u00e1ria de R$ 50 mil, a ser aplicada contra o Governo Federal. Nesta quinta-feira, dia 12, o presidente&hellip;<\/p>\n","protected":false},"author":1,"featured_media":15005,"comment_status":"open","ping_status":"open","sticky":false,"template":"","format":"standard","meta":{"footnotes":""},"categories":[1],"tags":[],"class_list":["post-15003","post","type-post","status-publish","format-standard","has-post-thumbnail","hentry","category-noticias"],"_links":{"self":[{"href":"https:\/\/blogdorogeriogomes.com.br\/noticias\/wp-json\/wp\/v2\/posts\/15003","targetHints":{"allow":["GET"]}}],"collection":[{"href":"https:\/\/blogdorogeriogomes.com.br\/noticias\/wp-json\/wp\/v2\/posts"}],"about":[{"href":"https:\/\/blogdorogeriogomes.com.br\/noticias\/wp-json\/wp\/v2\/types\/post"}],"author":[{"embeddable":true,"href":"https:\/\/blogdorogeriogomes.com.br\/noticias\/wp-json\/wp\/v2\/users\/1"}],"replies":[{"embeddable":true,"href":"https:\/\/blogdorogeriogomes.com.br\/noticias\/wp-json\/wp\/v2\/comments?post=15003"}],"version-history":[{"count":1,"href":"https:\/\/blogdorogeriogomes.com.br\/noticias\/wp-json\/wp\/v2\/posts\/15003\/revisions"}],"predecessor-version":[{"id":15006,"href":"https:\/\/blogdorogeriogomes.com.br\/noticias\/wp-json\/wp\/v2\/posts\/15003\/revisions\/15006"}],"wp:featuredmedia":[{"embeddable":true,"href":"https:\/\/blogdorogeriogomes.com.br\/noticias\/wp-json\/wp\/v2\/media\/15005"}],"wp:attachment":[{"href":"https:\/\/blogdorogeriogomes.com.br\/noticias\/wp-json\/wp\/v2\/media?parent=15003"}],"wp:term":[{"taxonomy":"category","embeddable":true,"href":"https:\/\/blogdorogeriogomes.com.br\/noticias\/wp-json\/wp\/v2\/categories?post=15003"},{"taxonomy":"post_tag","embeddable":true,"href":"https:\/\/blogdorogeriogomes.com.br\/noticias\/wp-json\/wp\/v2\/tags?post=15003"}],"curies":[{"name":"wp","href":"https:\/\/api.w.org\/{rel}","templated":true}]}}