{"id":15011,"date":"2019-12-13T09:11:08","date_gmt":"2019-12-13T09:11:08","guid":{"rendered":"http:\/\/blogdorogeriogomes.com.br\/?p=15011"},"modified":"2019-12-13T12:43:35","modified_gmt":"2019-12-13T12:43:35","slug":"cid-gomes-descarta-concorrer-a-prefeitura-de-fortaleza-e-promete-articular-o-pdt-para-o-pleito-de-2020","status":"publish","type":"post","link":"https:\/\/blogdorogeriogomes.com.br\/noticias\/2019\/12\/cid-gomes-descarta-concorrer-a-prefeitura-de-fortaleza-e-promete-articular-o-pdt-para-o-pleito-de-2020\/","title":{"rendered":"Cid Gomes descarta concorrer \u00e0 Prefeitura de Fortaleza e promete articular o PDT para o pleito de 2020"},"content":{"rendered":"\n<p>J\u00e1 licenciado do Senado Federal, Cid Gomes assumiu o comando do PDT no Cear\u00e1 com a inaugura\u00e7\u00e3o da nova sede do partido, no bairro Meireles, em Fortaleza. O evento desta quinta-feira, dia 12 de dezembro, marcou o in\u00edcio das articula\u00e7\u00f5es pol\u00edticas do PDT para as elei\u00e7\u00f5es municipais do pr\u00f3ximo ano. E uma das palavras ditas por Cid \u00e9 a busca de di\u00e1logo com outras agremia\u00e7\u00f5es partid\u00e1rias para a forma\u00e7\u00e3o de alian\u00e7as, principalmente, no interior do Cear\u00e1.<br>\nSobre a sucess\u00e3o do prefeito Roberto Cl\u00e1udio, em Fortaleza, Cid Gomes j\u00e1 teve o nome ventilado nos bastidores para ser o candidato do PDT. No entanto, ele descarta totalmente a hip\u00f3tese.&#8221;Eu n\u00e3o serei candidato, pode ter certeza disso, eu nunca fui de duas palavras, eu n\u00e3o serei mais candidato a nada, eu tenho um mandato conferido pelo povo cearense que me coloca na responsabilidade at\u00e9 2026, como eu vou pensar em ser candidato&#8221;.<\/p>\n\n\n\n<figure class=\"wp-block-gallery columns-1 is-cropped wp-block-gallery-1 is-layout-flex wp-block-gallery-is-layout-flex\"><ul class=\"blocks-gallery-grid\"><li class=\"blocks-gallery-item\"><figure><img loading=\"lazy\" decoding=\"async\" width=\"320\" height=\"225\" src=\"http:\/\/blogdorogeriogomes.com.br\/wp-content\/uploads\/2019\/12\/IMG_20191213_060549_578.jpg\" alt=\"\" data-id=\"15012\" data-full-url=\"http:\/\/blogdorogeriogomes.com.br\/wp-content\/uploads\/2019\/12\/IMG_20191213_060549_578.jpg\" data-link=\"http:\/\/blogdorogeriogomes.com.br\/?attachment_id=15012\" class=\"wp-image-15012\" srcset=\"https:\/\/blogdorogeriogomes.com.br\/noticias\/wp-content\/uploads\/2019\/12\/IMG_20191213_060549_578.jpg 320w, https:\/\/blogdorogeriogomes.com.br\/noticias\/wp-content\/uploads\/2019\/12\/IMG_20191213_060549_578-300x211.jpg 300w\" sizes=\"auto, (max-width: 320px) 100vw, 320px\" \/><\/figure><\/li><\/ul><\/figure>\n","protected":false},"excerpt":{"rendered":"<p>J\u00e1 licenciado do Senado Federal, Cid Gomes assumiu o comando do PDT no Cear\u00e1 com a inaugura\u00e7\u00e3o da nova sede do partido, no bairro Meireles, em Fortaleza. O evento desta quinta-feira, dia 12 de dezembro, marcou o in\u00edcio das articula\u00e7\u00f5es pol\u00edticas do PDT para as elei\u00e7\u00f5es municipais do pr\u00f3ximo ano. E uma das palavras ditas por Cid \u00e9 a busca de di\u00e1logo com outras agremia\u00e7\u00f5es partid\u00e1rias para a forma\u00e7\u00e3o de alian\u00e7as, principalmente, no interior do Cear\u00e1. Sobre a sucess\u00e3o&hellip;<\/p>\n","protected":false},"author":1,"featured_media":15012,"comment_status":"open","ping_status":"open","sticky":false,"template":"","format":"standard","meta":{"footnotes":""},"categories":[1],"tags":[],"class_list":["post-15011","post","type-post","status-publish","format-standard","has-post-thumbnail","hentry","category-noticias"],"_links":{"self":[{"href":"https:\/\/blogdorogeriogomes.com.br\/noticias\/wp-json\/wp\/v2\/posts\/15011","targetHints":{"allow":["GET"]}}],"collection":[{"href":"https:\/\/blogdorogeriogomes.com.br\/noticias\/wp-json\/wp\/v2\/posts"}],"about":[{"href":"https:\/\/blogdorogeriogomes.com.br\/noticias\/wp-json\/wp\/v2\/types\/post"}],"author":[{"embeddable":true,"href":"https:\/\/blogdorogeriogomes.com.br\/noticias\/wp-json\/wp\/v2\/users\/1"}],"replies":[{"embeddable":true,"href":"https:\/\/blogdorogeriogomes.com.br\/noticias\/wp-json\/wp\/v2\/comments?post=15011"}],"version-history":[{"count":1,"href":"https:\/\/blogdorogeriogomes.com.br\/noticias\/wp-json\/wp\/v2\/posts\/15011\/revisions"}],"predecessor-version":[{"id":15013,"href":"https:\/\/blogdorogeriogomes.com.br\/noticias\/wp-json\/wp\/v2\/posts\/15011\/revisions\/15013"}],"wp:featuredmedia":[{"embeddable":true,"href":"https:\/\/blogdorogeriogomes.com.br\/noticias\/wp-json\/wp\/v2\/media\/15012"}],"wp:attachment":[{"href":"https:\/\/blogdorogeriogomes.com.br\/noticias\/wp-json\/wp\/v2\/media?parent=15011"}],"wp:term":[{"taxonomy":"category","embeddable":true,"href":"https:\/\/blogdorogeriogomes.com.br\/noticias\/wp-json\/wp\/v2\/categories?post=15011"},{"taxonomy":"post_tag","embeddable":true,"href":"https:\/\/blogdorogeriogomes.com.br\/noticias\/wp-json\/wp\/v2\/tags?post=15011"}],"curies":[{"name":"wp","href":"https:\/\/api.w.org\/{rel}","templated":true}]}}