{"id":15014,"date":"2019-12-13T09:30:44","date_gmt":"2019-12-13T09:30:44","guid":{"rendered":"http:\/\/blogdorogeriogomes.com.br\/?p=15014"},"modified":"2019-12-13T12:43:13","modified_gmt":"2019-12-13T12:43:13","slug":"messejana-ganha-oitava-celula-de-protecao-comunitaria-do-programa-municipal-de-protecao-urbana","status":"publish","type":"post","link":"https:\/\/blogdorogeriogomes.com.br\/noticias\/2019\/12\/messejana-ganha-oitava-celula-de-protecao-comunitaria-do-programa-municipal-de-protecao-urbana\/","title":{"rendered":"Messejana ganha oitava C\u00e9lula de Prote\u00e7\u00e3o Comunit\u00e1ria do Programa Municipal de Prote\u00e7\u00e3o Urbana"},"content":{"rendered":"\n<p>A Prefeitura de Fortaleza entregou, nesta quinta-feira, dia 12 de dezembro, a oitava C\u00e9lula de Prote\u00e7\u00e3o Comunit\u00e1ria do Programa Municipal de Prote\u00e7\u00e3o Urbana, instalada no bairro Messejana (pr\u00f3ximo \u00e0 comunidade P\u00f4r do Sol, na CE-040). <br> O equipamento permite a\u00e7\u00f5es de patrulhamento de guardas municipais e policiais militares, por meio de motocicletas e viaturas e, al\u00e9m disso, um sistema de vigil\u00e2ncia eletr\u00f4nica monitora, 24 horas por dia, toda a \u00e1rea assistida pelo equipamento com aux\u00edlio de drones.<br> Outras C\u00e9lulas de Prote\u00e7\u00e3o Comunit\u00e1rias j\u00e1 funcionam em sete bairros de Fortaleza: Jangurussu, Goiabeiras, Vila Velha, Barra do Cear\u00e1, Ca\u00e7a e Pesca, Canindezinho e Bonsucesso.<\/p>\n\n\n\n<figure class=\"wp-block-gallery columns-1 is-cropped wp-block-gallery-1 is-layout-flex wp-block-gallery-is-layout-flex\"><ul class=\"blocks-gallery-grid\"><li class=\"blocks-gallery-item\"><figure><img loading=\"lazy\" decoding=\"async\" width=\"1024\" height=\"761\" src=\"http:\/\/blogdorogeriogomes.com.br\/wp-content\/uploads\/2019\/12\/IMG_20191213_062351_072-1024x761.jpg\" alt=\"\" data-id=\"15015\" data-full-url=\"http:\/\/blogdorogeriogomes.com.br\/wp-content\/uploads\/2019\/12\/IMG_20191213_062351_072-scaled.jpg\" data-link=\"http:\/\/blogdorogeriogomes.com.br\/?attachment_id=15015\" class=\"wp-image-15015\" srcset=\"https:\/\/blogdorogeriogomes.com.br\/noticias\/wp-content\/uploads\/2019\/12\/IMG_20191213_062351_072-1024x761.jpg 1024w, https:\/\/blogdorogeriogomes.com.br\/noticias\/wp-content\/uploads\/2019\/12\/IMG_20191213_062351_072-300x223.jpg 300w, https:\/\/blogdorogeriogomes.com.br\/noticias\/wp-content\/uploads\/2019\/12\/IMG_20191213_062351_072-768x571.jpg 768w, https:\/\/blogdorogeriogomes.com.br\/noticias\/wp-content\/uploads\/2019\/12\/IMG_20191213_062351_072-1536x1141.jpg 1536w, https:\/\/blogdorogeriogomes.com.br\/noticias\/wp-content\/uploads\/2019\/12\/IMG_20191213_062351_072-2048x1522.jpg 2048w, https:\/\/blogdorogeriogomes.com.br\/noticias\/wp-content\/uploads\/2019\/12\/IMG_20191213_062351_072-800x594.jpg 800w\" sizes=\"auto, (max-width: 1024px) 100vw, 1024px\" \/><\/figure><\/li><\/ul><\/figure>\n","protected":false},"excerpt":{"rendered":"<p>A Prefeitura de Fortaleza entregou, nesta quinta-feira, dia 12 de dezembro, a oitava C\u00e9lula de Prote\u00e7\u00e3o Comunit\u00e1ria do Programa Municipal de Prote\u00e7\u00e3o Urbana, instalada no bairro Messejana (pr\u00f3ximo \u00e0 comunidade P\u00f4r do Sol, na CE-040). O equipamento permite a\u00e7\u00f5es de patrulhamento de guardas municipais e policiais militares, por meio de motocicletas e viaturas e, al\u00e9m disso, um sistema de vigil\u00e2ncia eletr\u00f4nica monitora, 24 horas por dia, toda a \u00e1rea assistida pelo equipamento com aux\u00edlio de drones. Outras C\u00e9lulas de&hellip;<\/p>\n","protected":false},"author":1,"featured_media":15015,"comment_status":"open","ping_status":"open","sticky":false,"template":"","format":"standard","meta":{"footnotes":""},"categories":[1],"tags":[],"class_list":["post-15014","post","type-post","status-publish","format-standard","has-post-thumbnail","hentry","category-noticias"],"_links":{"self":[{"href":"https:\/\/blogdorogeriogomes.com.br\/noticias\/wp-json\/wp\/v2\/posts\/15014","targetHints":{"allow":["GET"]}}],"collection":[{"href":"https:\/\/blogdorogeriogomes.com.br\/noticias\/wp-json\/wp\/v2\/posts"}],"about":[{"href":"https:\/\/blogdorogeriogomes.com.br\/noticias\/wp-json\/wp\/v2\/types\/post"}],"author":[{"embeddable":true,"href":"https:\/\/blogdorogeriogomes.com.br\/noticias\/wp-json\/wp\/v2\/users\/1"}],"replies":[{"embeddable":true,"href":"https:\/\/blogdorogeriogomes.com.br\/noticias\/wp-json\/wp\/v2\/comments?post=15014"}],"version-history":[{"count":1,"href":"https:\/\/blogdorogeriogomes.com.br\/noticias\/wp-json\/wp\/v2\/posts\/15014\/revisions"}],"predecessor-version":[{"id":15016,"href":"https:\/\/blogdorogeriogomes.com.br\/noticias\/wp-json\/wp\/v2\/posts\/15014\/revisions\/15016"}],"wp:featuredmedia":[{"embeddable":true,"href":"https:\/\/blogdorogeriogomes.com.br\/noticias\/wp-json\/wp\/v2\/media\/15015"}],"wp:attachment":[{"href":"https:\/\/blogdorogeriogomes.com.br\/noticias\/wp-json\/wp\/v2\/media?parent=15014"}],"wp:term":[{"taxonomy":"category","embeddable":true,"href":"https:\/\/blogdorogeriogomes.com.br\/noticias\/wp-json\/wp\/v2\/categories?post=15014"},{"taxonomy":"post_tag","embeddable":true,"href":"https:\/\/blogdorogeriogomes.com.br\/noticias\/wp-json\/wp\/v2\/tags?post=15014"}],"curies":[{"name":"wp","href":"https:\/\/api.w.org\/{rel}","templated":true}]}}