{"id":15017,"date":"2019-12-13T21:00:37","date_gmt":"2019-12-13T21:00:37","guid":{"rendered":"http:\/\/blogdorogeriogomes.com.br\/?p=15017"},"modified":"2019-12-13T21:27:55","modified_gmt":"2019-12-13T21:27:55","slug":"natal-de-todos-vai-oferecer-atracoes-catolicas-e-gospel-no-aterrinho-da-praia-de-iracema","status":"publish","type":"post","link":"https:\/\/blogdorogeriogomes.com.br\/noticias\/2019\/12\/natal-de-todos-vai-oferecer-atracoes-catolicas-e-gospel-no-aterrinho-da-praia-de-iracema\/","title":{"rendered":"Natal de Todos vai oferecer atra\u00e7\u00f5es cat\u00f3licas e gospel no Aterrinho da Praia de Iracema"},"content":{"rendered":"\n<p>Chega a hora de comemorar as festas natalinas e para quem gosta de m\u00fasica cat\u00f3lica e gospel,  o Aterrinho da Praia de Iracema, em Fortaleza, ser\u00e1 palco da 1\u00b0 edi\u00e7\u00e3o do Natal de Todos. A Prefeitura de Fortaleza divulgou as atra\u00e7\u00f5es do evento, que acontece nos dias 20 e 21 de dezembro. A festa vai contar com shows gratuitos de artistas locais e nacionais. Na sexta-feira, dia 20, as apresenta\u00e7\u00f5es v\u00e3o ficar por conta de Naldo Jos\u00e9, Irm\u00e3 Kelly Patr\u00edcia, Mission\u00e1rios Shalom, Cosme,  Adora\u00e7\u00e3o ao Sant\u00edssimo Sacramento, Tony Alyyson e Rosa de Saron (foto). J\u00e1 no s\u00e1bado, dia 21, quem se apresenta \u00e9 Salom\u00e3o, Solablues, Daniel Almeida, Fernanda Brum, Thalles Roberto e Aline Barros. <br> A avenida Beira-Mar ficar\u00e1 interditada entre as ruas Ildefonso Albano e Jo\u00e3o Cordeiro nos dois dias de evento.<\/p>\n\n\n\n<figure class=\"wp-block-gallery columns-1 is-cropped wp-block-gallery-1 is-layout-flex wp-block-gallery-is-layout-flex\"><ul class=\"blocks-gallery-grid\"><li class=\"blocks-gallery-item\"><figure><img loading=\"lazy\" decoding=\"async\" width=\"655\" height=\"468\" src=\"http:\/\/blogdorogeriogomes.com.br\/wp-content\/uploads\/2019\/12\/images-2019-12-13T175941.679.jpeg\" alt=\"\" data-id=\"15021\" data-full-url=\"http:\/\/blogdorogeriogomes.com.br\/wp-content\/uploads\/2019\/12\/images-2019-12-13T175941.679.jpeg\" data-link=\"http:\/\/blogdorogeriogomes.com.br\/?attachment_id=15021\" class=\"wp-image-15021\" srcset=\"https:\/\/blogdorogeriogomes.com.br\/noticias\/wp-content\/uploads\/2019\/12\/images-2019-12-13T175941.679.jpeg 655w, https:\/\/blogdorogeriogomes.com.br\/noticias\/wp-content\/uploads\/2019\/12\/images-2019-12-13T175941.679-300x214.jpeg 300w\" sizes=\"auto, (max-width: 655px) 100vw, 655px\" \/><\/figure><\/li><\/ul><\/figure>\n","protected":false},"excerpt":{"rendered":"<p>Chega a hora de comemorar as festas natalinas e para quem gosta de m\u00fasica cat\u00f3lica e gospel, o Aterrinho da Praia de Iracema, em Fortaleza, ser\u00e1 palco da 1\u00b0 edi\u00e7\u00e3o do Natal de Todos. A Prefeitura de Fortaleza divulgou as atra\u00e7\u00f5es do evento, que acontece nos dias 20 e 21 de dezembro. A festa vai contar com shows gratuitos de artistas locais e nacionais. Na sexta-feira, dia 20, as apresenta\u00e7\u00f5es v\u00e3o ficar por conta de Naldo Jos\u00e9, Irm\u00e3 Kelly&hellip;<\/p>\n","protected":false},"author":1,"featured_media":15021,"comment_status":"open","ping_status":"open","sticky":false,"template":"","format":"standard","meta":{"footnotes":""},"categories":[1],"tags":[],"class_list":["post-15017","post","type-post","status-publish","format-standard","has-post-thumbnail","hentry","category-noticias"],"_links":{"self":[{"href":"https:\/\/blogdorogeriogomes.com.br\/noticias\/wp-json\/wp\/v2\/posts\/15017","targetHints":{"allow":["GET"]}}],"collection":[{"href":"https:\/\/blogdorogeriogomes.com.br\/noticias\/wp-json\/wp\/v2\/posts"}],"about":[{"href":"https:\/\/blogdorogeriogomes.com.br\/noticias\/wp-json\/wp\/v2\/types\/post"}],"author":[{"embeddable":true,"href":"https:\/\/blogdorogeriogomes.com.br\/noticias\/wp-json\/wp\/v2\/users\/1"}],"replies":[{"embeddable":true,"href":"https:\/\/blogdorogeriogomes.com.br\/noticias\/wp-json\/wp\/v2\/comments?post=15017"}],"version-history":[{"count":1,"href":"https:\/\/blogdorogeriogomes.com.br\/noticias\/wp-json\/wp\/v2\/posts\/15017\/revisions"}],"predecessor-version":[{"id":15022,"href":"https:\/\/blogdorogeriogomes.com.br\/noticias\/wp-json\/wp\/v2\/posts\/15017\/revisions\/15022"}],"wp:featuredmedia":[{"embeddable":true,"href":"https:\/\/blogdorogeriogomes.com.br\/noticias\/wp-json\/wp\/v2\/media\/15021"}],"wp:attachment":[{"href":"https:\/\/blogdorogeriogomes.com.br\/noticias\/wp-json\/wp\/v2\/media?parent=15017"}],"wp:term":[{"taxonomy":"category","embeddable":true,"href":"https:\/\/blogdorogeriogomes.com.br\/noticias\/wp-json\/wp\/v2\/categories?post=15017"},{"taxonomy":"post_tag","embeddable":true,"href":"https:\/\/blogdorogeriogomes.com.br\/noticias\/wp-json\/wp\/v2\/tags?post=15017"}],"curies":[{"name":"wp","href":"https:\/\/api.w.org\/{rel}","templated":true}]}}