{"id":15023,"date":"2019-12-13T21:15:28","date_gmt":"2019-12-13T21:15:28","guid":{"rendered":"http:\/\/blogdorogeriogomes.com.br\/?p=15023"},"modified":"2019-12-13T21:27:38","modified_gmt":"2019-12-13T21:27:38","slug":"governo-estadual-transfere-antigo-lord-hotel-para-o-municipio-predio-sera-a-nova-sede-da-camara-de-fortaleza","status":"publish","type":"post","link":"https:\/\/blogdorogeriogomes.com.br\/noticias\/2019\/12\/governo-estadual-transfere-antigo-lord-hotel-para-o-municipio-predio-sera-a-nova-sede-da-camara-de-fortaleza\/","title":{"rendered":"Governo Estadual transfere antigo Lord Hotel para o Munic\u00edpio. Pr\u00e9dio ser\u00e1 a nova sede da C\u00e2mara de Fortaleza"},"content":{"rendered":"\n<p>O edif\u00edcio do antigo Lord Hotel, no Centro de Fortaleza, passa a ser de uso exclusivo da Prefeitura Municipal de Fortaleza, pelos pr\u00f3ximos 25 anos. O governador Camilo Santana, assinou nesta sexta-feira, dia 13 de dezembro, o termo que transfere e garante o uso do edif\u00edcio pela Prefeitura. O local abrigar\u00e1 a nova sede da C\u00e2mara Municipal de Fortaleza, permitindo o melhor acesso aos servi\u00e7os, atendimento a popula\u00e7\u00e3o e contribuindo com o processo de requalifica\u00e7\u00e3o do Centro da Capital.<br>\nA transfer\u00eancia da sede da C\u00e2mara Municipal do bairro Patriolino Ribeiro para o Centro de Fortaleza vem sendo discutida pelos vereadores desde de 2015. O projeto conseguiu avan\u00e7ar a partir da gest\u00e3o e articula\u00e7\u00e3o do presidente da CMF, Ant\u00f4nio Henrique, com o Governo do Estado,  Assembleia Legislativa e C\u00e2mara dos Dirigentes Lojistas (CDL) de Fortaleza. No \u00faltimo dia 5 de dezembro, o projeto de transfer\u00eancia da sede do Legislativo Municipal para o pr\u00e9dio do antigo Lord Hotel tamb\u00e9m foi aprovado pelo Conselho Municipal de Prote\u00e7\u00e3o ao Patrim\u00f4nio Hist\u00f3rico e Cultural.<\/p>\n\n\n\n<figure class=\"wp-block-gallery columns-1 is-cropped wp-block-gallery-1 is-layout-flex wp-block-gallery-is-layout-flex\"><ul class=\"blocks-gallery-grid\"><li class=\"blocks-gallery-item\"><figure><img loading=\"lazy\" decoding=\"async\" width=\"960\" height=\"641\" src=\"http:\/\/blogdorogeriogomes.com.br\/wp-content\/uploads\/2019\/12\/79375176_2581927608706483_2993614573501677568_n.jpg\" alt=\"\" data-id=\"15025\" data-full-url=\"http:\/\/blogdorogeriogomes.com.br\/wp-content\/uploads\/2019\/12\/79375176_2581927608706483_2993614573501677568_n.jpg\" data-link=\"http:\/\/blogdorogeriogomes.com.br\/?attachment_id=15025\" class=\"wp-image-15025\" srcset=\"https:\/\/blogdorogeriogomes.com.br\/noticias\/wp-content\/uploads\/2019\/12\/79375176_2581927608706483_2993614573501677568_n.jpg 960w, https:\/\/blogdorogeriogomes.com.br\/noticias\/wp-content\/uploads\/2019\/12\/79375176_2581927608706483_2993614573501677568_n-300x200.jpg 300w, https:\/\/blogdorogeriogomes.com.br\/noticias\/wp-content\/uploads\/2019\/12\/79375176_2581927608706483_2993614573501677568_n-768x513.jpg 768w, https:\/\/blogdorogeriogomes.com.br\/noticias\/wp-content\/uploads\/2019\/12\/79375176_2581927608706483_2993614573501677568_n-800x534.jpg 800w\" sizes=\"auto, (max-width: 960px) 100vw, 960px\" \/><\/figure><\/li><\/ul><\/figure>\n","protected":false},"excerpt":{"rendered":"<p>O edif\u00edcio do antigo Lord Hotel, no Centro de Fortaleza, passa a ser de uso exclusivo da Prefeitura Municipal de Fortaleza, pelos pr\u00f3ximos 25 anos. O governador Camilo Santana, assinou nesta sexta-feira, dia 13 de dezembro, o termo que transfere e garante o uso do edif\u00edcio pela Prefeitura. O local abrigar\u00e1 a nova sede da C\u00e2mara Municipal de Fortaleza, permitindo o melhor acesso aos servi\u00e7os, atendimento a popula\u00e7\u00e3o e contribuindo com o processo de requalifica\u00e7\u00e3o do Centro da Capital.&hellip;<\/p>\n","protected":false},"author":1,"featured_media":15025,"comment_status":"open","ping_status":"open","sticky":false,"template":"","format":"standard","meta":{"footnotes":""},"categories":[1],"tags":[],"class_list":["post-15023","post","type-post","status-publish","format-standard","has-post-thumbnail","hentry","category-noticias"],"_links":{"self":[{"href":"https:\/\/blogdorogeriogomes.com.br\/noticias\/wp-json\/wp\/v2\/posts\/15023","targetHints":{"allow":["GET"]}}],"collection":[{"href":"https:\/\/blogdorogeriogomes.com.br\/noticias\/wp-json\/wp\/v2\/posts"}],"about":[{"href":"https:\/\/blogdorogeriogomes.com.br\/noticias\/wp-json\/wp\/v2\/types\/post"}],"author":[{"embeddable":true,"href":"https:\/\/blogdorogeriogomes.com.br\/noticias\/wp-json\/wp\/v2\/users\/1"}],"replies":[{"embeddable":true,"href":"https:\/\/blogdorogeriogomes.com.br\/noticias\/wp-json\/wp\/v2\/comments?post=15023"}],"version-history":[{"count":1,"href":"https:\/\/blogdorogeriogomes.com.br\/noticias\/wp-json\/wp\/v2\/posts\/15023\/revisions"}],"predecessor-version":[{"id":15026,"href":"https:\/\/blogdorogeriogomes.com.br\/noticias\/wp-json\/wp\/v2\/posts\/15023\/revisions\/15026"}],"wp:featuredmedia":[{"embeddable":true,"href":"https:\/\/blogdorogeriogomes.com.br\/noticias\/wp-json\/wp\/v2\/media\/15025"}],"wp:attachment":[{"href":"https:\/\/blogdorogeriogomes.com.br\/noticias\/wp-json\/wp\/v2\/media?parent=15023"}],"wp:term":[{"taxonomy":"category","embeddable":true,"href":"https:\/\/blogdorogeriogomes.com.br\/noticias\/wp-json\/wp\/v2\/categories?post=15023"},{"taxonomy":"post_tag","embeddable":true,"href":"https:\/\/blogdorogeriogomes.com.br\/noticias\/wp-json\/wp\/v2\/tags?post=15023"}],"curies":[{"name":"wp","href":"https:\/\/api.w.org\/{rel}","templated":true}]}}