{"id":15027,"date":"2019-12-14T10:35:44","date_gmt":"2019-12-14T10:35:44","guid":{"rendered":"http:\/\/blogdorogeriogomes.com.br\/?p=15027"},"modified":"2019-12-16T09:25:36","modified_gmt":"2019-12-16T09:25:36","slug":"proposta-de-reorganizacao-administracao-da-capital-sera-discutida-pela-camara-municipal","status":"publish","type":"post","link":"https:\/\/blogdorogeriogomes.com.br\/noticias\/2019\/12\/proposta-de-reorganizacao-administracao-da-capital-sera-discutida-pela-camara-municipal\/","title":{"rendered":"Proposta de reorganiza\u00e7\u00e3o administra\u00e7\u00e3o da Capital ser\u00e1 discutida pela C\u00e2mara Municipal"},"content":{"rendered":"\n<p>Foi enviado, esta semana, \u00e0 C\u00e2mara Municipal de Fortaleza o projeto de lei que trata da nova regionaliza\u00e7\u00e3o da Capital. Os vereadores ter\u00e3o basicamente uma semana pra discutir a proposta, j\u00e1 que o recesso parlamentar de fim de ano est\u00e1 previsto para iniciar at\u00e9 sexta-feira, dia 20 de dezembro.<br>\nEntre as mudan\u00e7as propostas pelo projeto est\u00e1 o aumento de secretarias regionais em Fortaleza que passa de 7 para 12. Todas elas ter\u00e3o o comando da Secretaria Municipal de Gest\u00e3o Regional, que substituir\u00e1 a atual Coordenadoria Especial de Articula\u00e7\u00e3o das Secretarias Regionais.<br>\nTamb\u00e9m ser\u00e3o implantados 39 territ\u00f3rios, nos quais seriam constitu\u00eddos f\u00f3runs territoriais para contribuir com a participa\u00e7\u00e3o da popula\u00e7\u00e3o na administra\u00e7\u00e3o p\u00fablica. Os 119 bairros de Fortaleza devem ser agrupados em cada um desses territ\u00f3rios seguindo crit\u00e9rios como a quantidade de habitantes, a \u00e1rea de cada bairro, a aproxima\u00e7\u00e3o cultural e a utiliza\u00e7\u00e3o de equipamentos p\u00fablicos pelos habitantes.<\/p>\n\n\n\n<figure class=\"wp-block-gallery columns-1 is-cropped wp-block-gallery-1 is-layout-flex wp-block-gallery-is-layout-flex\"><ul class=\"blocks-gallery-grid\"><li class=\"blocks-gallery-item\"><figure><img loading=\"lazy\" decoding=\"async\" width=\"739\" height=\"415\" src=\"http:\/\/blogdorogeriogomes.com.br\/wp-content\/uploads\/2019\/12\/images-2019-12-14T072932.492.jpeg\" alt=\"\" data-id=\"15028\" data-full-url=\"http:\/\/blogdorogeriogomes.com.br\/wp-content\/uploads\/2019\/12\/images-2019-12-14T072932.492.jpeg\" data-link=\"http:\/\/blogdorogeriogomes.com.br\/?attachment_id=15028\" class=\"wp-image-15028\" srcset=\"https:\/\/blogdorogeriogomes.com.br\/noticias\/wp-content\/uploads\/2019\/12\/images-2019-12-14T072932.492.jpeg 739w, https:\/\/blogdorogeriogomes.com.br\/noticias\/wp-content\/uploads\/2019\/12\/images-2019-12-14T072932.492-300x168.jpeg 300w\" sizes=\"auto, (max-width: 739px) 100vw, 739px\" \/><\/figure><\/li><\/ul><\/figure>\n","protected":false},"excerpt":{"rendered":"<p>Foi enviado, esta semana, \u00e0 C\u00e2mara Municipal de Fortaleza o projeto de lei que trata da nova regionaliza\u00e7\u00e3o da Capital. Os vereadores ter\u00e3o basicamente uma semana pra discutir a proposta, j\u00e1 que o recesso parlamentar de fim de ano est\u00e1 previsto para iniciar at\u00e9 sexta-feira, dia 20 de dezembro. Entre as mudan\u00e7as propostas pelo projeto est\u00e1 o aumento de secretarias regionais em Fortaleza que passa de 7 para 12. Todas elas ter\u00e3o o comando da Secretaria Municipal de Gest\u00e3o&hellip;<\/p>\n","protected":false},"author":1,"featured_media":15028,"comment_status":"open","ping_status":"open","sticky":false,"template":"","format":"standard","meta":{"footnotes":""},"categories":[1],"tags":[],"class_list":["post-15027","post","type-post","status-publish","format-standard","has-post-thumbnail","hentry","category-noticias"],"_links":{"self":[{"href":"https:\/\/blogdorogeriogomes.com.br\/noticias\/wp-json\/wp\/v2\/posts\/15027","targetHints":{"allow":["GET"]}}],"collection":[{"href":"https:\/\/blogdorogeriogomes.com.br\/noticias\/wp-json\/wp\/v2\/posts"}],"about":[{"href":"https:\/\/blogdorogeriogomes.com.br\/noticias\/wp-json\/wp\/v2\/types\/post"}],"author":[{"embeddable":true,"href":"https:\/\/blogdorogeriogomes.com.br\/noticias\/wp-json\/wp\/v2\/users\/1"}],"replies":[{"embeddable":true,"href":"https:\/\/blogdorogeriogomes.com.br\/noticias\/wp-json\/wp\/v2\/comments?post=15027"}],"version-history":[{"count":1,"href":"https:\/\/blogdorogeriogomes.com.br\/noticias\/wp-json\/wp\/v2\/posts\/15027\/revisions"}],"predecessor-version":[{"id":15029,"href":"https:\/\/blogdorogeriogomes.com.br\/noticias\/wp-json\/wp\/v2\/posts\/15027\/revisions\/15029"}],"wp:featuredmedia":[{"embeddable":true,"href":"https:\/\/blogdorogeriogomes.com.br\/noticias\/wp-json\/wp\/v2\/media\/15028"}],"wp:attachment":[{"href":"https:\/\/blogdorogeriogomes.com.br\/noticias\/wp-json\/wp\/v2\/media?parent=15027"}],"wp:term":[{"taxonomy":"category","embeddable":true,"href":"https:\/\/blogdorogeriogomes.com.br\/noticias\/wp-json\/wp\/v2\/categories?post=15027"},{"taxonomy":"post_tag","embeddable":true,"href":"https:\/\/blogdorogeriogomes.com.br\/noticias\/wp-json\/wp\/v2\/tags?post=15027"}],"curies":[{"name":"wp","href":"https:\/\/api.w.org\/{rel}","templated":true}]}}